{"id":1564,"date":"2023-10-06T08:49:45","date_gmt":"2023-10-06T06:49:45","guid":{"rendered":"https:\/\/www.rixo.cz\/blog\/?p=1564"},"modified":"2025-10-02T13:21:32","modified_gmt":"2025-10-02T11:21:32","slug":"cekaci-doba-u-pojisteni","status":"publish","type":"post","link":"https:\/\/www.rixo.cz\/blog\/cekaci-doba-u-pojisteni\/","title":{"rendered":"Jak se vyznat v \u010dekac\u00edch dob\u00e1ch u \u017eivotn\u00ed pojistky?"},"content":{"rendered":"\n<p>P\u0159i listov\u00e1n\u00ed pojistn\u00fdmi podm\u00ednkami v\u00e1s m\u016f\u017ee zarazit cel\u00e1 \u0159ada odborn\u00fdch term\u00edn\u016f. Matouc\u00ed pro v\u00e1s mohou b\u00fdt t\u0159eba \u010dekac\u00ed, odkladn\u00e9 a karen\u010dn\u00ed doby. Je ale d\u016fle\u017eit\u00e9 ch\u00e1pat, co se pod t\u011bmito pojmy skr\u00fdv\u00e1, abyste v\u011bd\u011bli, od jak\u00e9 chv\u00edle se na svou \u017eivotn\u00ed pojistku m\u016f\u017eete pln\u011b spolehnout. Podpisem pojistn\u00e9 smlouvy toti\u017e nic nekon\u010d\u00ed, ale teprve za\u010d\u00edn\u00e1.&nbsp;<\/p>\n\n\n\n<h2 class=\"wp-block-heading\">Co je \u010dekac\u00ed doba u poji\u0161t\u011bn\u00ed?&nbsp;<\/h2>\n\n\n\n<p>\u010cekac\u00ed doba obecn\u011b vyjad\u0159uje \u010dasov\u00fd \u00fasek, po kter\u00fd jako pojistn\u00edk nem\u00e1te n\u00e1rok na v\u00fdplatu pojistn\u00e9ho pln\u011bn\u00ed. Znamen\u00e1 to, \u017ee ur\u010dit\u00e1 \u0161kodn\u00ed ud\u00e1lost, kter\u00e1 se stane b\u011bhem \u010dekac\u00ed doby, nen\u00ed v o\u010d\u00edch poji\u0161\u0165ovny pojistnou ud\u00e1lost\u00ed. Poji\u0161\u0165ovna pak nebude plnit, ani kdy\u017e pojistnou ud\u00e1lost nahl\u00e1s\u00edte a\u017e pozd\u011bji. \u010cekac\u00ed dobu si m\u016f\u017eete p\u0159edstavit i jako <strong>do\u010dasnou \u201ev\u00fdluku\u201d<\/strong> z poji\u0161t\u011bn\u00ed. Nej\u010dast\u011bji je stanovena v m\u011bs\u00edc\u00edch.<\/p>\n\n\n\n<p>Pro\u010d v\u016fbec \u010dekac\u00ed doba existuje? Jde p\u0159edev\u0161\u00edm o ochranu poji\u0161\u0165oven p\u0159ed pojistn\u00fdmi podvody. T\u00edm, \u017ee po klientech vy\u017eaduj\u00ed placen\u00ed pojistn\u00e9ho po ur\u010ditou dobu, odrazuj\u00ed nepoctivce p\u0159ed <strong>\u00fa\u010delov\u00fdm uzav\u00edr\u00e1n\u00edm pojistek<\/strong>. Nen\u00ed rozumn\u00e9 uzav\u00edrat <a href=\"https:\/\/www.rixo.cz\/pojisteni-zivota\/\" title=\"\u017eivotn\u00ed poji\u0161t\u011bn\u00ed\">\u017eivotn\u00ed poji\u0161t\u011bn\u00ed<\/a> a\u017e ve chv\u00edli, kdy\u017e u\u017e m\u00e1te podez\u0159en\u00ed na n\u011bjak\u00fd zdravotn\u00ed probl\u00e9m. Podstatou poji\u0161t\u011bn\u00ed je toti\u017e kryt\u00ed potenci\u00e1ln\u011b mo\u017en\u00fdch ud\u00e1lost\u00ed. Ne t\u011bch, kter\u00e9 s jistotou p\u0159ijdou.&nbsp;<\/p>\n\n\n\n<h2 class=\"wp-block-heading\">Po\u010d\u00e1tek poji\u0161t\u011bn\u00ed a \u010dekac\u00ed doby<\/h2>\n\n\n\n<p>V p\u0159\u00edpad\u011b, \u017ee si sjedn\u00e1v\u00e1te nov\u00e9 \u017eivotn\u00ed poji\u0161t\u011bn\u00ed, setk\u00e1te se s dv\u011bma term\u00edny:&nbsp;<\/p>\n\n\n\n<ul>\n<li><strong>Uzav\u0159en\u00ed pojistn\u00e9 smlouvy<\/strong> &#8211; Pojistn\u00e1 smlouva je uzav\u0159en\u00e1 ve chv\u00edli, kdy poji\u0161\u0165ovna i pojistn\u00edk p\u0159ijmou n\u00e1vrh smlouvy. M\u016f\u017ee to b\u00fdt stvrzen\u00ed smlouvy fyzick\u00fdm nebo elektronick\u00fdm <strong>podpisem, p\u0159\u00edpadn\u011b i zaplacen\u00edm pojistn\u00e9ho<\/strong>.<\/li>\n<\/ul>\n\n\n\n<ul>\n<li><strong>Po\u010d\u00e1tek poji\u0161t\u011bn<\/strong>\u00ed &#8211; Poji\u0161t\u011bn\u00ed za\u010dne \u201eb\u011b\u017eet\u201d dnem, kter\u00fd je <strong>uveden\u00fd ve smlouv\u011b<\/strong>. M\u016f\u017ee, ale nemus\u00ed se shodovat se dnem uzav\u0159en\u00ed smlouvy. Po\u010d\u00e1tek poji\u0161t\u011bn\u00ed je mo\u017en\u00e9 nastavit nap\u0159\u00edklad na 1. den v n\u00e1sleduj\u00edc\u00edm m\u011bs\u00edci nebo jin\u00fd libovoln\u00fd den. <strong>\u010cekac\u00ed doba<\/strong> u jednotliv\u00fdch rizik se za\u010d\u00edn\u00e1 po\u010d\u00edtat pr\u00e1v\u011b <strong>od data po\u010d\u00e1tku poji\u0161t\u011bn\u00ed<\/strong>.&nbsp;<\/li>\n<\/ul>\n\n\n\n<p>P\u0159i sjedn\u00e1v\u00e1n\u00ed \u017eivotn\u00edho poji\u0161t\u011bn\u00ed v\u00e1s poji\u0161\u0165ovna vyzve k vypln\u011bn\u00ed zdravotn\u00edho dotazn\u00edku. Ten m\u016f\u017ee vypadat t\u0159eba <a href=\"https:\/\/www.nn.cz\/files\/archiv\/cz-pojistovna\/nn_orange_bonus\/P-06.pdf\" target=\"_blank\" data-type=\"link\" data-id=\"https:\/\/www.nn.cz\/files\/archiv\/cz-pojistovna\/nn_orange_bonus\/P-06.pdf\" rel=\"noreferrer noopener\">takto<\/a>. D\u00edky n\u011bmu si zhodnot\u00ed, na co, jak a za kolik v\u00e1s m\u016f\u017ee pojistit. Vyhodnocov\u00e1n\u00ed dotazn\u00edku a zdravotn\u00edch rizik standardn\u011b poji\u0161\u0165ovn\u011b zabere 2 m\u011bs\u00edce. Pokud chcete b\u00fdt poji\u0161t\u011bn\u00ed co nejd\u0159\u00edve a ne\u010dekat 2 m\u011bs\u00edce, m\u016f\u017eete u n\u011bkter\u00fdch poji\u0161\u0165oven z\u00edskat tzv. <strong>p\u0159edpoji\u0161t\u011bn\u00ed. <\/strong> Myslete ale na to, \u017ee p\u0159edpoji\u0161t\u011bn\u00ed se b\u011bhem vyhodnocov\u00e1n\u00ed dotazn\u00edku vztahuje jen na omezen\u00fd rozsah rizik. Jedn\u00e1 se v\u017edy pouze o <strong>rizika souvisej\u00edc\u00ed s \u00farazem<\/strong>. Z\u00e1va\u017en\u00e9 nemoci jsou kryt\u00e9 a\u017e po vyhodnocen\u00ed zdravotn\u00edho dotazn\u00edku a \u00fasp\u011b\u0161n\u00e9m uzav\u0159en\u00ed smlouvy o \u017eivotn\u00edm poji\u0161t\u011bn\u00ed.\u00a0<\/p>\n\n\n\n<div class=\"wp-block-group\"><div class=\"wp-block-group__inner-container is-layout-constrained wp-block-group-is-layout-constrained\">\n<div class=\"wp-block-group has-text-color is-vertical is-content-justification-center is-layout-flex wp-container-core-group-is-layout-1 wp-block-group-is-layout-flex\" style=\"color:#605db5\">\n<hr class=\"wp-block-separator has-text-color has-alpha-channel-opacity has-background is-style-wide\" style=\"background-color:#d8d8fc;color:#d8d8fc\" \/>\n\n\n\n<p class=\"has-text-align-center has-text-color\" style=\"color:#605db5;font-size:18px\">Ne\u010dekejte, a\u017e se n\u011bco p\u0159ihod\u00ed a sjednejte si \u017eivotn\u00ed poji\u0161t\u011bn\u00ed co nejd\u0159\u00edve. U n\u00e1s si \u017eivotko m\u016f\u017eete srovnat u\u017e b\u011bhem 3 minut.&nbsp;<\/p>\n<\/div>\n\n\n\n<div class=\"wp-block-buttons is-layout-flex wp-block-buttons-is-layout-flex\">\n<div class=\"wp-block-button has-custom-font-size aligncenter\" style=\"font-size:18px\"><a class=\"wp-block-button__link has-background wp-element-button\" href=\"https:\/\/www.rixo.cz\/pojisteni-zivota\/\" style=\"background-color:#605db5\">Srovnat \u017eivotn\u00ed poji\u0161t\u011bn\u00ed<\/a><\/div>\n<\/div>\n\n\n\n<div class=\"wp-block-group is-vertical is-layout-flex wp-container-core-group-is-layout-2 wp-block-group-is-layout-flex\">\n<div class=\"wp-block-buttons is-layout-flex wp-block-buttons-is-layout-flex\"><\/div>\n\n\n\n<hr class=\"wp-block-separator has-text-color has-alpha-channel-opacity has-background is-style-wide\" style=\"background-color:#d8d8fc;color:#d8d8fc\" \/>\n<\/div>\n<\/div><\/div>\n\n\n\n<h2 class=\"wp-block-heading\">\u010cekac\u00ed doby u jednotliv\u00fdch rizik<\/h2>\n\n\n\n<p>\u010cekac\u00ed doby se li\u0161\u00ed u jednotliv\u00fdch rizik i jejich p\u0159\u00ed\u010din. Konkr\u00e9tn\u00ed trv\u00e1n\u00ed \u010dekac\u00ed doby u va\u0161\u00ed pojistky se v\u017edy dozv\u00edte v pojistn\u00fdch podm\u00ednk\u00e1ch va\u0161\u00ed poji\u0161\u0165ovny. Pozor, \u010dekac\u00ed doby se vztahuj\u00ed v\u017edy k dob\u011b sjedn\u00e1n\u00ed jednotliv\u00fdch rizik. To je d\u016fle\u017eit\u00e9 zejm\u00e9na v p\u0159\u00edpad\u011b, \u017ee si b\u011bhem trv\u00e1n\u00ed \u017eivotn\u00ed pojistky <strong>rizika p\u0159id\u00e1v\u00e1te nebo jinak upravujete<\/strong>.&nbsp;<\/p>\n\n\n\n<p>P\u0159edstavte si, \u017ee navy\u0161ujete denn\u00ed d\u00e1vku poji\u0161t\u011bn\u00ed z\u00e1va\u017en\u00fdch nemoc\u00ed po p\u011bti letech trv\u00e1n\u00ed poji\u0161t\u011bn\u00ed. Op\u011bt budete muset n\u011bkolik m\u011bs\u00edc\u016f po\u010dkat, ne\u017e budete moci vy\u0161\u0161\u00ed \u010d\u00e1stku \u010derpat. Funguje to tedy stejn\u011b, jako kdybyste si poji\u0161t\u011bn\u00ed sjedn\u00e1vali od za\u010d\u00e1tku. Pokud hned v prvn\u00edm m\u011bs\u00edci po nav\u00fd\u0161en\u00ed pojistn\u00e9 \u010d\u00e1stky onemocn\u00edte, m\u00e1te n\u00e1rok jen na d\u0159\u00edv\u011bj\u0161\u00ed ni\u017e\u0161\u00ed \u010d\u00e1stku. \u010cekac\u00ed doba pro vy\u0161\u0161\u00ed pln\u011bn\u00ed toti\u017e je\u0161t\u011b &#8220;nedob\u011bhla\u201d.&nbsp;&nbsp;&nbsp;<\/p>\n\n\n\n<p><a href=\"https:\/\/www.rixo.cz\/blog\/jak-nastavit-zivotni-pojisteni\/\" title=\"Vhodn\u011b nastaven\u00e9 \u017eivotko\">Vhodn\u011b nastaven\u00e9 \u017eivotko<\/a> by m\u011blo obsahovat poji\u0161t\u011bn\u00ed:<\/p>\n\n\n\n<ul>\n<li><strong><a href=\"https:\/\/www.rixo.cz\/blog\/pojisteni-pro-pripad-smrti\/\" data-type=\"link\" data-id=\"https:\/\/www.rixo.cz\/blog\/pojisteni-pro-pripad-smrti\/\">pro p\u0159\u00edpad smrti<\/a><\/strong> (z jak\u00fdchkoliv p\u0159\u00ed\u010din),<\/li>\n\n\n\n<li><strong><a href=\"https:\/\/www.rixo.cz\/blog\/pojisteni-invalidity-vs-invalidni-duchod-rozdily-a-vyhody-zivotniho-pojisteni\/\" data-type=\"link\" data-id=\"https:\/\/www.rixo.cz\/blog\/pojisteni-invalidity-vs-invalidni-duchod-rozdily-a-vyhody-zivotniho-pojisteni\/\">invalidity<\/a><\/strong> (z jak\u00fdchkoliv p\u0159\u00ed\u010din),<\/li>\n\n\n\n<li><strong><a href=\"https:\/\/www.rixo.cz\/blog\/pojisteni-nemoci-jak-a-proc-si-pojistit-zavazna-onemocneni\/\" data-type=\"link\" data-id=\"https:\/\/www.rixo.cz\/blog\/pojisteni-nemoci-jak-a-proc-si-pojistit-zavazna-onemocneni\/\">z\u00e1va\u017en\u00fdch onemocn\u011bn\u00ed<\/a><\/strong>,<\/li>\n\n\n\n<li><strong><a href=\"https:\/\/www.rixo.cz\/blog\/trvale-nasledky-urazu-a-narok-na-plneni\/\" data-type=\"link\" data-id=\"https:\/\/www.rixo.cz\/blog\/trvale-nasledky-urazu-a-narok-na-plneni\/\">trval\u00fdch n\u00e1sledk\u016f \u00farazu<\/a><\/strong>.<\/li>\n<\/ul>\n\n\n\n<p>P\u0159\u00ed\u010dinou pojistn\u00e9 ud\u00e1losti m\u016f\u017ee b\u00fdt jak \u00faraz, tak nemoc. Pod\u00edv\u00e1me se na to, jak se li\u0161\u00ed \u010dekac\u00ed doby u jednotliv\u00fdch poji\u0161t\u011bn\u00ed a d\u016fvod\u016f vzniku pojistn\u00e9 ud\u00e1losti. Zahrneme do v\u00fd\u010dtu i poji\u0161t\u011bn\u00ed pracovn\u00ed neschopnosti. \u010cekac\u00ed a karen\u010dn\u00ed doby tu toti\u017e vyvol\u00e1vaj\u00ed mo\u017en\u00e1 nejv\u00edc ot\u00e1zek.<\/p>\n\n\n\n<h3 class=\"wp-block-heading\">Poji\u0161t\u011bn\u00ed smrti (z jak\u00fdchkoliv p\u0159\u00ed\u010din)<\/h3>\n\n\n\n<p>\u010cekac\u00ed doba u tohoto poji\u0161t\u011bn\u00ed \u010din\u00ed 2-3 m\u011bs\u00edce, a to v p\u0159\u00edpad\u011b smrti z d\u016fvodu nemoci. Pokud je p\u0159\u00ed\u010dinou \u00famrt\u00ed \u00faraz, \u010dekac\u00ed doba se neuplat\u0148uje. U tohoto poji\u0161t\u011bn\u00ed se tak\u00e9 vyskytuje specifick\u00fd p\u0159\u00edpad &#8211; sebevra\u017eda. \u010cekac\u00ed doba je v takov\u00e9m p\u0159\u00edpad\u011b z d\u016fvodu mo\u017en\u00e9ho zneu\u017eit\u00ed pojistky nejdel\u0161\u00ed. Trv\u00e1 cel\u00fdch <strong>24 m\u011bs\u00edc\u016f<\/strong> od po\u010d\u00e1tku poji\u0161t\u011bn\u00ed. Z\u00e1le\u017e\u00ed ale na poji\u0161\u0165ovn\u011b. N\u011bkter\u00e9 poji\u0161\u0165ovny v\u0161ak sebevra\u017edu nebo pokus o ni nepova\u017euj\u00ed za nahodilou ud\u00e1lost a neposkytuj\u00ed za ni pojistn\u00e9 pln\u011bn\u00ed ani po uplynut\u00ed uveden\u00e9 doby. Jin\u00e9 t\u0159eba tak\u00e9 vypl\u00e1cenou \u010d\u00e1stku sn\u00ed\u017e\u00ed.&nbsp;<\/p>\n\n\n\n<h3 class=\"wp-block-heading\">Poji\u0161t\u011bn\u00ed invalidity (z jak\u00fdchkoliv p\u0159\u00ed\u010din)<\/h3>\n\n\n\n<p>\u010cekac\u00ed doba u tohoto poji\u0161t\u011bn\u00ed \u010din\u00ed tak\u00e9 jako u poji\u0161t\u011bn\u00ed pro p\u0159\u00edpad smrti <strong>2-3 m\u011bs\u00edce<\/strong>, a to z <strong>d\u016fvodu nemoci<\/strong>. Pokud je p\u0159\u00ed\u010dinou invalidity \u00faraz, \u010dekac\u00ed doba se neuplatn\u00ed. V\u017edy z\u00e1le\u017e\u00ed na konkr\u00e9tn\u00edm zn\u011bn\u00ed pojistn\u00fdch podm\u00ednek dan\u00e9 poji\u0161\u0165ovny.<\/p>\n\n\n\n<h3 class=\"wp-block-heading\">Poji\u0161t\u011bn\u00ed z\u00e1va\u017en\u00fdch onemocn\u011bn\u00ed&nbsp;&nbsp;<\/h3>\n\n\n\n<p>\u010cekac\u00ed doba u tohoto poji\u0161t\u011bn\u00ed \u010din\u00ed stejn\u011b jako u poji\u0161t\u011bn\u00ed pro p\u0159\u00edpad smrti a poji\u0161t\u011bn\u00ed invalidity nej\u010dast\u011bji <strong>2-3 m\u011bs\u00edce.<\/strong> Co kdy\u017e v\u00e1m bude b\u011bhem \u010dekac\u00ed doby <strong>diagnostikovan\u00e1<\/strong> z\u00e1va\u017en\u00e1 nemoc a v d\u016fsledku n\u00ed budete \u017e\u00e1dat poji\u0161\u0165ovnu vy nebo va\u0161i bl\u00edzc\u00ed o pojistn\u00e9 pln\u011bn\u00ed z d\u016fvodu n\u00e1kladn\u00e9 l\u00e9\u010dby? V drtiv\u00e9 v\u011bt\u0161in\u011b p\u0159\u00edpad\u016f odm\u00edtne plnit. Stejn\u011b tak nemus\u00ed plnit v p\u0159\u00edpad\u011b, \u017ee se v pr\u016fb\u011bhu \u010dekac\u00ed doby <strong>projevily p\u0159\u00edznaky<\/strong> t\u00e9to nemoci.<\/p>\n\n\n\n<h3 class=\"wp-block-heading\">Poji\u0161t\u011bn\u00ed trval\u00fdch n\u00e1sledk\u016f \u00farazu<\/h3>\n\n\n\n<p>Obecn\u011b plat\u00ed, \u017ee pro rizika souvisej\u00edc\u00ed s \u00farazem <strong>\u010dekac\u00ed doby stanoven\u00e9 nejsou<\/strong>. P\u0159\u00edpadn\u00e9 n\u00e1sledky by tedy byly hrazeny poji\u0161\u0165ovnou kdykoliv po po\u010d\u00e1tku poji\u0161t\u011bn\u00ed. To se t\u00fdk\u00e1 nap\u0159\u00edklad i denn\u00edho od\u0161kodn\u00e9ho (tzv. bolestn\u00e9ho) za \u00faraz, kter\u00e9 zn\u00e1te z <a href=\"https:\/\/www.rixo.cz\/urazove-pojisteni\/\" title=\"\u00farazov\u00e9ho poji\u0161t\u011bn\u00ed\">\u00farazov\u00e9ho poji\u0161t\u011bn\u00ed<\/a>.&nbsp;<\/p>\n\n\n\n<p>Absence \u010dekac\u00edch dob by v\u00e1s nem\u011bla v\u00e9st k tomu, \u017ee si v p\u0159\u00edpad\u011b \u00farazu rychle sjedn\u00e1te poji\u0161t\u011bn\u00ed jen proto, abyste n\u011bco dostali. Pokud si budete cht\u00edt sjednat poji\u0161t\u011bn\u00ed a\u017e v dob\u011b, kdy vytu\u0161\u00edte, \u017ee v\u00e1m z n\u011bj n\u011bco \u201ck\u00e1pne\u201d nebo poji\u0161\u0165ovn\u011b zaml\u010d\u00edte, \u017ee se v\u00e1m \u00faraz stal a\u017e po sjedn\u00e1n\u00ed poji\u0161t\u011bn\u00ed, dopust\u00edte se pojistn\u00e9ho podvodu. Kv\u016fli takov\u00e9mu n\u00e1padu m\u016f\u017eete tr\u00e1vit \u010das nejen na policii, ale i za m\u0159\u00ed\u017eemi.<\/p>\n\n\n\n<p>U <strong>invalidity nebo smrti n\u00e1sledkem \u00farazu<\/strong> se tak\u00e9 \u010dekac\u00ed doba neuplat\u0148uje v\u016fbec. Nen\u00ed ale rozhodn\u011b rozumn\u00e9 si z tohoto d\u016fvodu sjedn\u00e1vat pouze poji\u0161t\u011bn\u00ed smrti \u00farazem. V p\u0159\u00edpad\u011b, kdy poji\u0161t\u011bn\u00fd zem\u0159e n\u00e1sledkem jin\u00e9 p\u0159\u00ed\u010diny, ne\u017e je \u00faraz, nebude poji\u0161\u0165ovna z tohoto poji\u0161t\u011bn\u00ed nic vypl\u00e1cet. Proto v\u017edy doporu\u010dujeme zvolit poji\u0161t\u011bn\u00ed smrti <strong>z jak\u00e9koliv p\u0159\u00ed\u010diny<\/strong>.<\/p>\n\n\n\n<h3 class=\"wp-block-heading\">Poji\u0161t\u011bn\u00ed pracovn\u00ed neschopnosti&nbsp;<\/h3>\n\n\n\n<p>Poji\u0161t\u011bn\u00ed pracovn\u00ed neschopnosti je dopl\u0148kov\u00fdm poji\u0161t\u011bn\u00edm \u017eivotka, kter\u00e9 m\u016f\u017ee \u0159e\u0161it v\u00fdpadek p\u0159\u00edjmu p\u0159i neschopnosti z cel\u00e9 \u0159ady d\u016fvod\u016f. V p\u0159\u00edpad\u011b \u00farazu se op\u011bt \u010dekac\u00ed doba neuplat\u0148uje, v jin\u00fdch situac\u00edch u\u017e je to ale slo\u017eit\u011bj\u0161\u00ed. Poji\u0161\u0165ovna obvykle nebude \u017een\u00e1m poskytovat pojistn\u00e9 pln\u011bn\u00ed, pokud je d\u016fvodem <strong>t\u011bhotenstv\u00ed<\/strong> v prvn\u00edch <strong>8 m\u011bs\u00edc\u00edch<\/strong> trv\u00e1n\u00ed pojistky.&nbsp; V p\u0159\u00edpad\u011b pracovn\u00ed neschopnosti z d\u016fvodu <strong>nemoci<\/strong> je \u010dekac\u00ed doba nastavena op\u011bt na <strong>2-3 m\u011bs\u00edce<\/strong>. Podobn\u011b je tomu i v p\u0159\u00edpad\u011b <strong>poji\u0161t\u011bn\u00ed hospitalizace.<\/strong><\/p>\n\n\n\n<p>Pozor, u poji\u0161t\u011bn\u00ed pracovn\u00ed neschopnosti se \u010dekac\u00ed doba nevztahuje jen na dobu od po\u010d\u00e1tku poji\u0161t\u011bn\u00ed. Plat\u00ed tak\u00e9 pro <strong>samotn\u00e9 jednotliv\u00e9 ud\u00e1losti, tedy vyps\u00e1n\u00ed neschopenky<\/strong>. Takov\u00e1 doba se naz\u00fdv\u00e1 jako odkladn\u00e1 nebo karen\u010dn\u00ed. Je zde konstruovan\u00e1 podobn\u011b jako karen\u010dn\u00ed doba u ve\u0159ejn\u00e9ho nemocensk\u00e9ho poji\u0161t\u011bn\u00ed. V\u00fdplata pln\u011bn\u00ed se b\u011b\u017en\u011b sjedn\u00e1v\u00e1 <strong>nejd\u0159\u00edve od 15. dne <\/strong>pracovn\u00ed neschopnosti, p\u0159\u00edpadn\u011b od 29. dne. Pokud by byl v pojistn\u00e9 smlouv\u011b stanoven n\u00e1rok na pln\u011bn\u00ed od 15. dne, ale va\u0161e pracovn\u00ed neschopnost trvala 20 dn\u00ed, poji\u0161\u0165ovna v\u00e1m vyplat\u00ed jen 6 denn\u00edch d\u00e1vek.&nbsp;<\/p>\n\n\n\n<p>S \u017eivotn\u00edm poji\u0161t\u011bn\u00edm nem\u00e1 smysl \u010dekat, i kdy\u017e zrovna neston\u00e1te. Sjednejte si pojistku co nejd\u0159\u00edve, aby v\u00e1s n\u00e1hodou jednou \u010dekac\u00ed doba nep\u0159ipravila o pln\u011bn\u00ed. Jako bonus na z\u00e1v\u011br v\u00e1m m\u016f\u017eeme \u0159\u00edct, \u017ee \u010d\u00edm d\u0159\u00edv si \u017eivotko sjedn\u00e1te, t\u00edm ni\u017e\u0161\u00ed bude va\u0161e pojistn\u00e9. A to se vyplat\u00ed, ne?&nbsp;<\/p>\n\n\n\n<div class=\"wp-block-buttons is-content-justification-center is-layout-flex wp-container-core-buttons-is-layout-3 wp-block-buttons-is-layout-flex\">\n<div class=\"wp-block-button\"><a class=\"wp-block-button__link has-background wp-element-button\" href=\"https:\/\/www.rixo.cz\/pojisteni-zivota\/\" style=\"background-color:#605db5\">Srovnat \u017eivotn\u00ed poji\u0161t\u011bn\u00ed<\/a><\/div>\n<\/div>\n","protected":false},"excerpt":{"rendered":"<p>P\u0159i listov\u00e1n\u00ed pojistn\u00fdmi podm\u00ednkami v\u00e1s m\u016f\u017ee zarazit cel\u00e1 \u0159ada odborn\u00fdch term\u00edn\u016f. Matouc\u00ed pro v\u00e1s mohou b\u00fdt t\u0159eba \u010dekac\u00ed, odkladn\u00e9 a karen\u010dn\u00ed doby. Je ale d\u016fle\u017eit\u00e9 ch\u00e1pat, co se pod t\u011bmito pojmy skr\u00fdv\u00e1, abyste v\u011bd\u011bli, od jak\u00e9 chv\u00edle se na svou \u017eivotn\u00ed pojistku m\u016f\u017eete pln\u011b spolehnout. Podpisem pojistn\u00e9 smlouvy toti\u017e nic nekon\u010d\u00ed, ale teprve za\u010d\u00edn\u00e1.<\/p>\n","protected":false},"author":11,"featured_media":1566,"comment_status":"closed","ping_status":"closed","sticky":false,"template":"","format":"standard","meta":{"rank_math_lock_modified_date":false,"footnotes":""},"categories":[7,8],"tags":[30],"acf":[],"_links":{"self":[{"href":"https:\/\/www.rixo.cz\/blog\/wp-json\/wp\/v2\/posts\/1564"}],"collection":[{"href":"https:\/\/www.rixo.cz\/blog\/wp-json\/wp\/v2\/posts"}],"about":[{"href":"https:\/\/www.rixo.cz\/blog\/wp-json\/wp\/v2\/types\/post"}],"author":[{"embeddable":true,"href":"https:\/\/www.rixo.cz\/blog\/wp-json\/wp\/v2\/users\/11"}],"replies":[{"embeddable":true,"href":"https:\/\/www.rixo.cz\/blog\/wp-json\/wp\/v2\/comments?post=1564"}],"version-history":[{"count":11,"href":"https:\/\/www.rixo.cz\/blog\/wp-json\/wp\/v2\/posts\/1564\/revisions"}],"predecessor-version":[{"id":3634,"href":"https:\/\/www.rixo.cz\/blog\/wp-json\/wp\/v2\/posts\/1564\/revisions\/3634"}],"wp:featuredmedia":[{"embeddable":true,"href":"https:\/\/www.rixo.cz\/blog\/wp-json\/wp\/v2\/media\/1566"}],"wp:attachment":[{"href":"https:\/\/www.rixo.cz\/blog\/wp-json\/wp\/v2\/media?parent=1564"}],"wp:term":[{"taxonomy":"category","embeddable":true,"href":"https:\/\/www.rixo.cz\/blog\/wp-json\/wp\/v2\/categories?post=1564"},{"taxonomy":"post_tag","embeddable":true,"href":"https:\/\/www.rixo.cz\/blog\/wp-json\/wp\/v2\/tags?post=1564"}],"curies":[{"name":"wp","href":"https:\/\/api.w.org\/{rel}","templated":true}]}}