{"id":1999,"date":"2024-01-18T09:25:48","date_gmt":"2024-01-18T08:25:48","guid":{"rendered":"https:\/\/www.rixo.cz\/blog\/?p=1999"},"modified":"2025-05-28T14:52:11","modified_gmt":"2025-05-28T12:52:11","slug":"konec-velkeho-technicaku-kde-najit-vsechny-udaje","status":"publish","type":"post","link":"https:\/\/www.rixo.cz\/blog\/konec-velkeho-technicaku-kde-najit-vsechny-udaje\/","title":{"rendered":"Konec velk\u00e9ho techni\u010d\u00e1ku a zelen\u00e9 karty: Kde naj\u00edt v\u0161echny \u00fadaje?"},"content":{"rendered":"\n<p>Ka\u017ed\u00e1 zm\u011bna s sebou p\u0159in\u00e1\u0161\u00ed pozitiva i negativa. Kde naj\u00edt ten a kde zase tamten \u00fadaj? A\u010dkoliv u zm\u011bny v oblasti technick\u00fdch pr\u016fkaz\u016f nebo zru\u0161en\u00ed zelen\u00e9 karty pozitiva v\u00fdrazn\u011b p\u0159eva\u017euj\u00ed, nemal\u00e1 \u010d\u00e1st \u0159idi\u010d\u016f se m\u016f\u017ee pot\u00fdkat se zmatkem. Ud\u011blejte si v tom po\u0159\u00e1dek jednou prov\u017edy (nebo sp\u00ed\u0161e do dal\u0161\u00ed velk\u00e9 zm\u011bny).<\/p>\n\n\n\n<p>Po\u010det dokument\u016f, kter\u00fd jste byli zvykl\u00ed s sebou p\u0159i ka\u017ed\u00e9 j\u00edzd\u011b autem m\u00edt p\u0159i sob\u011b, se od roku 2024 v\u00fdrazn\u011b smrsknul. \u0158idi\u010d\u016fm, kte\u0159\u00ed se s autem pohybuj\u00ed jen po \u010cesku, si vysta\u010d\u00ed pouze se <strong>zelenou kartou<\/strong>, <strong>od \u010dervence 2024 <\/strong>u\u017e s sebou nemus\u00ed vozit <strong>\u017e\u00e1dn\u00e9 \u201cpap\u00edry\u201d<\/strong>. Sv\u016fj mal\u00fd techni\u010d\u00e1k a \u0159idi\u010dsk\u00fd pr\u016fkaz m\u016f\u017eete nechat doma u\u017e nyn\u00ed. P\u0159i cest\u00e1ch <strong>do zahrani\u010d\u00ed<\/strong> s sebou ov\u0161em <strong>doklady ve fyzick\u00e9<\/strong> <strong>podob\u011b<\/strong> budete pot\u0159ebovat. Elektronizace dokument\u016f zat\u00edm neprob\u011bhla je\u0161t\u011b \u00fapln\u011b v\u0161ude.&nbsp;<\/p>\n\n\n\n<h2 class=\"wp-block-heading\">Co pro v\u00e1s znamen\u00e1 zru\u0161en\u00ed velk\u00e9ho technick\u00e9ho pr\u016fkazu?<\/h2>\n\n\n\n<p>Kv\u016fli zm\u011bn\u00e1m nemus\u00edte ihned nav\u0161t\u011bvovat \u00fa\u0159ady a m\u011bnit doklady za nov\u00e9. <strong>Plo\u0161n\u00e9 v\u00fdm\u011bny <\/strong>se tedy <strong>b\u00e1t nemus\u00edte<\/strong>. Stejn\u011b tak ani na stanic\u00edch technick\u00e9 kontroly se nemus\u00edte ni\u010deho ob\u00e1vat. M\u016f\u017eete ho m\u00edt s sebou a nikdo v\u00e1m ho nevezme.&nbsp;<\/p>\n\n\n\n<p>S nov\u00fdm mal\u00fdm technick\u00fdm pr\u016fkazem a odebr\u00e1n\u00edm VTP se setk\u00e1te a\u017e ve chv\u00edli, kdy budete nav\u0161t\u011bvovat registr vozidel (respektive odbor vozidel na va\u0161em \u00fa\u0159adu) s jinou z\u00e1le\u017eitost\u00ed. T\u0159eba s p\u0159episem auta, zm\u011bnou \u00fadaj\u016f v pr\u016fkazech nebo t\u0159eba ztr\u00e1tou \u010di odcizen\u00edm pr\u016fkazu. V takov\u00e9m p\u0159\u00edpad\u011b v\u00e1m pracovn\u00edci vystav\u00ed nov\u00fd roz\u0161\u00ed\u0159en\u00fd mal\u00fd technick\u00fd pr\u016fkaz. Nov\u00fd mal\u00fd techni\u010d\u00e1k neboli Osv\u011bd\u010den\u00ed o registraci vozidla samoz\u0159ejm\u011b dostanete tak\u00e9 hned p\u0159i prvn\u00ed registraci nov\u00e9ho vozu.&nbsp;<\/p>\n\n\n\n<h2 class=\"wp-block-heading\">Kde naj\u00edt \u00fadaje z velk\u00e9ho technick\u00e9ho pr\u016fkazu?&nbsp;<\/h2>\n\n\n\n<p>Velk\u00fd technick\u00fd pr\u016fkaz se sice ru\u0161\u00ed, informace z n\u011bj se ov\u0161em nikam neztrat\u00ed. N\u011bkter\u00e9 se p\u0159esunou do nov\u00e9ho dokladu (tedy nov\u00e9ho mal\u00e9ho techni\u010d\u00e1ku), jin\u00e9 zase bude shroma\u017e\u010fovat elektronick\u00fd syst\u00e9m.&nbsp;<\/p>\n\n\n\n<p><strong>V nov\u00e9m technick\u00e9m pr\u016fkazu naleznete tyto informace:&nbsp;<\/strong><\/p>\n\n\n\n<ul>\n<li><strong>Z\u00e1kladn\u00ed \u00fadaje o vozidle<\/strong>:\n<ul>\n<li>Registra\u010dn\u00ed zna\u010dka vozidla<\/li>\n\n\n\n<li>Datum prvn\u00ed registrace vozidla \/ v \u010cR<\/li>\n\n\n\n<li>Tov\u00e1rn\u00ed zna\u010dka; typ, varianta, verze, obchodn\u00ed ozna\u010den\u00ed<\/li>\n\n\n\n<li>Identifika\u010dn\u00ed \u010d\u00edslo vozidla (VIN)<\/li>\n\n\n\n<li>Druh vozidla; hmotnost (provozn\u00ed, nejvy\u0161\u0161\u00ed technicky p\u0159\u00edpustn\u00e1 ad.)<\/li>\n\n\n\n<li>Zdvihov\u00fd objem; druh paliva; maxim\u00e1ln\u00ed v\u00fdkon, kombinovan\u00e1 spot\u0159eba paliva<\/li>\n\n\n\n<li>Po\u010det m\u00edst k sezen\u00ed \u010di st\u00e1n\u00ed<\/li>\n\n\n\n<li>Pom\u011br v\u00fdkon\/hmotnost; nejvy\u0161\u0161\u00ed povolen\u00e1 rychlost vozidla<\/li>\n\n\n\n<li>Povolen\u00e1 hmotnost p\u0159\u00edv\u011bsu<\/li>\n\n\n\n<li>Kategorie vozidla; \u010d\u00edslo schv\u00e1len\u00ed typu vozidla<\/li>\n\n\n\n<li>Emisn\u00ed limit<\/li>\n<\/ul>\n<\/li>\n<\/ul>\n\n\n\n<ul>\n<li><strong>\u00dadaje o osob\u00e1ch<\/strong>:\n<ul>\n<li>Identifikace vlastn\u00edka vozidla a provozovatele vozidla<\/li>\n\n\n\n<li>Adresa pobytu nebo s\u00eddlo vlastn\u00edka a provozovatele vozidla<\/li>\n<\/ul>\n<\/li>\n<\/ul>\n\n\n\n<h3 class=\"wp-block-heading\">Kter\u00e9 \u00fadaje budete muset hledat jinde?<\/h3>\n\n\n\n<ul>\n<li>Povolen\u00e9 rozm\u011bry pneumatik a kol (v\u010detn\u011b dodate\u010dn\u011b zapsan\u00fdch rozm\u011br\u016f)<\/li>\n\n\n\n<li>Z\u00e1znamy o dodate\u010dn\u00fdch \u00faprav\u00e1ch vozidla (nap\u0159. ta\u017en\u00e9 za\u0159\u00edzen\u00ed, \u00fapravy pro invalidy, tuningov\u00e9 \u00fapravy)<\/li>\n\n\n\n<li>Informace o p\u0159edchoz\u00edch majitel\u00edch vozidla<\/li>\n\n\n\n<li>Z\u00e1znamy o prohl\u00eddk\u00e1ch STK a platnosti STK<\/li>\n\n\n\n<li>Kompletn\u00ed technick\u00e9 \u00fadaje o vozidle<\/li>\n<\/ul>\n\n\n\n<h2 class=\"wp-block-heading\">Kde naj\u00edt \u00fadaje, kter\u00e9 nebudou v mal\u00e9m technick\u00e9m pr\u016fkazu?&nbsp;<\/h2>\n\n\n\n<p>Na pap\u00edrov\u00e9 dokumenty u\u017e se od roku 2024 nespol\u00e9hejte. Ve\u0161ker\u00e9 \u00fadaje, kter\u00e9 nebudou obsa\u017een\u00e9 v mal\u00e9m technick\u00e9m pr\u016fkazu, naleznete <strong>v kompletn\u00ed podob\u011b <\/strong>u\u017e jen elektronicky. Jak se k nim dostat? Vyu\u017e\u00edt m\u016f\u017eete r\u016fzn\u00e9 zp\u016fsoby, t\u0159eba <strong>Port\u00e1l dopravy, Port\u00e1l ob\u010dana<\/strong>, weby Ministerstva dopravy \u010cR nebo mobiln\u00ed aplikaci <strong>eTechni\u010d\u00e1k<\/strong>, toho \u010dasu je\u0161t\u011b ve v\u00fdvoji.&nbsp;<\/p>\n\n\n\n<h3 class=\"wp-block-heading\">Web dataovozidlech.cz<\/h3>\n\n\n\n<p>Jednoduch\u00fd <a href=\"https:\/\/www.dataovozidlech.cz\/\" target=\"_blank\" rel=\"noopener\">web<\/a> slou\u017e\u00ed p\u0159edev\u0161\u00edm jako zdroj statistick\u00fdch informac\u00ed, kter\u00e9 shroma\u017e\u010fuje Ministerstvo dopravy \u010cR, nab\u00edz\u00ed \u0161ikovn\u00e9 funkce i<strong> bez jak\u00e9hokoliv p\u0159ihl\u00e1\u0161en\u00ed<\/strong>. Mo\u017en\u00e1 na n\u011b ale nenaraz\u00edte na prvn\u00ed pohled. Informace, kter\u00e9 v\u00e1s zaj\u00edmaj\u00ed, najdete v<strong> <\/strong><a href=\"https:\/\/www.dataovozidlech.cz\/otevrenaData\/vypisy\" target=\"_blank\" rel=\"noopener\"><strong>sekci Data ke sta\u017een\u00ed<\/strong><\/a>. Do formul\u00e1\u0159e s n\u00e1zvem Vyhledat vozidlo sta\u010d\u00ed jen zadat jeden z t\u011bchto identifik\u00e1tor\u016f: <strong>VIN k\u00f3d<\/strong>, p\u0159\u00edpadn\u011b <strong>\u010d\u00edslo sv\u00e9ho mal\u00e9ho<\/strong> nebo <strong>velk\u00e9ho technick\u00e9ho pr\u016fkazu<\/strong>. A ve\u0161ker\u00e9 \u00fadaje o sv\u00e9m vozidle m\u00e1te po ruce. Dokonce si je m\u016f\u017eete rovnou i vyexportovat, abyste p\u0159\u00ed\u0161t\u011b nemuseli zbyte\u010dn\u011b nic hledat.<\/p>\n\n\n\n<figure class=\"wp-block-image size-large\"><img loading=\"lazy\" decoding=\"async\" width=\"1024\" height=\"397\" src=\"https:\/\/www.rixo.cz\/blog\/wp-content\/themes\/breek\/assets\/images\/transparent.gif\" data-lazy=\"true\" data-src=\"https:\/\/www.rixo.cz\/blog\/wp-content\/uploads\/2024\/01\/vtp-dataweb-1024x397.png\" alt=\"Kde naj\u00edt \u00fadaje z VTP?\" class=\"wp-image-2001\" data-srcset=\"https:\/\/www.rixo.cz\/blog\/wp-content\/uploads\/2024\/01\/vtp-dataweb-1024x397.png 1024w, https:\/\/www.rixo.cz\/blog\/wp-content\/uploads\/2024\/01\/vtp-dataweb-300x116.png 300w, https:\/\/www.rixo.cz\/blog\/wp-content\/uploads\/2024\/01\/vtp-dataweb-768x298.png 768w, https:\/\/www.rixo.cz\/blog\/wp-content\/uploads\/2024\/01\/vtp-dataweb-100x39.png 100w, https:\/\/www.rixo.cz\/blog\/wp-content\/uploads\/2024\/01\/vtp-dataweb-700x271.png 700w, https:\/\/www.rixo.cz\/blog\/wp-content\/uploads\/2024\/01\/vtp-dataweb.png 1274w\" data-sizes=\"(max-width: 1024px) 100vw, 1024px\" \/><\/figure>\n\n\n\n<h3 class=\"wp-block-heading\">Web kontrolatachometru.cz<\/h3>\n\n\n\n<p>Zaj\u00edm\u00e1 v\u00e1s historie najet\u00fdch kilometr\u016f a v\u00fdsledky kontrol STK konkr\u00e9tn\u00edho vozidla? Pr\u00e1v\u011b to m\u016f\u017eete zjistit na webu Ministerstva dopravy \u010cR <a href=\"https:\/\/www.kontrolatachometru.cz\/\" target=\"_blank\" rel=\"noopener\">kontrolatachometru.cz<\/a>. Pro zji\u0161t\u011bn\u00ed informac\u00ed o vozidle sta\u010d\u00ed zn\u00e1t jen VIN. Ve v\u00fdpisu prohl\u00eddek najdete jak eviden\u010dn\u00ed, tak i technick\u00e9 kontroly v\u010detn\u011b jejich v\u00fdsledk\u016f. Pr\u00e1v\u011b z prohl\u00eddek web \u010derp\u00e1 stav va\u0161eho tachometru, nem\u011bli byste tedy o\u010dek\u00e1vat, \u017ee bude uv\u00e1d\u011bn\u00fd stav tachometru pln\u011b odpov\u00eddat va\u0161emu skute\u010dn\u00e9mu n\u00e1jezdu.&nbsp;<\/p>\n\n\n\n<h3 class=\"wp-block-heading\">Port\u00e1l ob\u010dana<\/h3>\n\n\n\n<p>Port\u00e1l ob\u010dana je nejrobustn\u011bj\u0161\u00edm elektronick\u00fdm syst\u00e9mem, kde m\u016f\u017eete <strong>zjistit a vy\u0159\u00eddit <\/strong>spoustu v\u011bc\u00ed &#8211; od v\u00fdpisu z rejst\u0159\u00edku trest\u016f nebo \u017eivnostensk\u00e9ho rejst\u0159\u00edku a\u017e po evidenci nemovitost\u00ed, kter\u00e9 vlastn\u00edte. Krom\u011b obsahu z port\u00e1l\u016f jin\u00fdch ministerstev zde naleznete i <strong>\u00fadaje z Port\u00e1lu dopravy<\/strong>, tedy v\u0161e souvisej\u00edc\u00ed s va\u0161\u00edm \u0159idi\u010dsk\u00fdm opr\u00e1vn\u011bn\u00edm a va\u0161imi sou\u010dasn\u00fdmi i d\u0159\u00edv\u011bj\u0161\u00edmi vozidly. K p\u0159ihl\u00e1\u0161en\u00ed do t\u00e9to aplikace si vysta\u010d\u00edte jen s datovou schr\u00e1nkou, eOb\u010dankou \u010di identifikac\u00ed pomoc\u00ed slu\u017eby <strong>mojeID<\/strong> nebo <strong>bankovn\u00ed identity<\/strong>.&nbsp;<\/p>\n\n\n\n<h3 class=\"wp-block-heading\">Port\u00e1l dopravy<\/h3>\n\n\n\n<p>Tento webov\u00fd n\u00e1stroj vytvo\u0159ilo Ministerstvo dopravy \u010cR. Krom\u011b toho, \u017ee pomoc\u00ed n\u011bj m\u016f\u017eete podat \u017e\u00e1dost o vyd\u00e1n\u00ed nov\u00e9ho \u0159idi\u010dsk\u00e9ho pr\u016fkazu nebo se informovat o p\u0159\u00edpadn\u00fdch p\u0159estupc\u00edch a sv\u00e9m bodov\u00e9m kontu, najdete zde i v\u00fdpisy<strong> informac\u00ed z registru silni\u010dn\u00edch vozidel<\/strong>. Neute\u010dou v\u00e1m tak \u017e\u00e1dn\u00e9 informace, kter\u00e9 jste byli zvykl\u00ed z\u00edsk\u00e1vat z velk\u00e9ho technick\u00e9ho pr\u016fkazu. Stejn\u011b jako u Port\u00e1lu ob\u010dana se do tohoto n\u00e1stroje p\u0159ihl\u00e1s\u00edte bankovn\u00ed identitou nebo jin\u00fdm elektronick\u00fdm kl\u00ed\u010dem.<\/p>\n\n\n\n<figure class=\"wp-block-image size-large\"><img loading=\"lazy\" decoding=\"async\" width=\"1024\" height=\"269\" src=\"https:\/\/www.rixo.cz\/blog\/wp-content\/themes\/breek\/assets\/images\/transparent.gif\" data-lazy=\"true\" data-src=\"https:\/\/www.rixo.cz\/blog\/wp-content\/uploads\/2024\/01\/portaldopravy-1024x269.png\" alt=\"Kde naj\u00edt \u00fadaje z VTP?\" class=\"wp-image-2002\" data-srcset=\"https:\/\/www.rixo.cz\/blog\/wp-content\/uploads\/2024\/01\/portaldopravy-1024x269.png 1024w, https:\/\/www.rixo.cz\/blog\/wp-content\/uploads\/2024\/01\/portaldopravy-300x79.png 300w, https:\/\/www.rixo.cz\/blog\/wp-content\/uploads\/2024\/01\/portaldopravy-768x202.png 768w, https:\/\/www.rixo.cz\/blog\/wp-content\/uploads\/2024\/01\/portaldopravy-1536x404.png 1536w, https:\/\/www.rixo.cz\/blog\/wp-content\/uploads\/2024\/01\/portaldopravy-100x26.png 100w, https:\/\/www.rixo.cz\/blog\/wp-content\/uploads\/2024\/01\/portaldopravy-700x184.png 700w, https:\/\/www.rixo.cz\/blog\/wp-content\/uploads\/2024\/01\/portaldopravy-1600x421.png 1600w, https:\/\/www.rixo.cz\/blog\/wp-content\/uploads\/2024\/01\/portaldopravy.png 1673w\" data-sizes=\"(max-width: 1024px) 100vw, 1024px\" \/><\/figure>\n\n\n\n<h2 class=\"wp-block-heading\">Co pro v\u00e1s znamen\u00e1 konec zelen\u00fdch karet?<\/h2>\n\n\n\n<p>Na cest\u00e1ch po \u010cesku m\u016f\u017eete krom\u011b \u0159idi\u010d\u00e1ku nebo mal\u00e9ho technick\u00e9ho pr\u016fkazu od 1. \u010dervence 2024 zapomenout i na svou <a href=\"https:\/\/www.rixo.cz\/blog\/zelena-karta-proc-je-bila-a-funguje-elektronicky\/\"><strong>zelenou kartu<\/strong><\/a>. Zelen\u00e1 karta, respektive Mezin\u00e1rodn\u00ed osv\u011bd\u010den\u00ed o platn\u00e9m poji\u0161t\u011bn\u00ed odpov\u011bdnosti z provozu vozidla, nicm\u00e9n\u011b bude p\u0159i sjedn\u00e1n\u00ed povinn\u00e9ho ru\u010den\u00ed st\u00e1le poji\u0161\u0165ovnami vyd\u00e1v\u00e1na. Bude se v\u00e1m toti\u017e hodit p\u0159i <strong>cest\u00e1ch do zahrani\u010d\u00ed<\/strong> i p\u0159i p\u0159\u00edpadn\u00e9 <a href=\"https:\/\/www.rixo.cz\/blog\/jak-postupovat-po-dopravni-nehode\/\"><strong>dopravn\u00ed nehod\u011b<\/strong><\/a>, kdy\u017e budete vypl\u0148ovat <a href=\"https:\/\/www.rixo.cz\/blog\/zaznam-o-dopravni-nehode-formular\/\" data-type=\"link\" data-id=\"https:\/\/www.rixo.cz\/blog\/zaznam-o-dopravni-nehode-formular\/\">formul\u00e1\u0159 z\u00e1znamu o dopravn\u00ed nehod\u011b<\/a>. Alespo\u0148 v <strong>elektronick\u00e9 podob\u011b<\/strong> se v\u00e1m tedy vyplat\u00ed m\u00edt ji p\u0159i ruce. T\u0159eba v <a href=\"https:\/\/www.rixo.cz\/mobilni-aplikace\/\"><strong>mobiln\u00ed aplikaci RIXO<\/strong><\/a>, kde si ji kdykoliv m\u016f\u017eete na\u010d\u00edst na t\u0159i kliknut\u00ed.\u00a0<\/p>\n\n\n\n<p>P\u0159i b\u011b\u017en\u00e9 silni\u010dn\u00ed kontrole u\u017e ov\u0161em nebudete muset hledat zelenou kartu v odkl\u00e1dac\u00edch p\u0159ihr\u00e1dk\u00e1ch. Sta\u010dit v\u00e1m bude jak\u00fdkoliv <strong>pr\u016fkaz toto\u017enosti<\/strong>, podle n\u011bj\u017e si policist\u00e9 vyhledaj\u00ed informace o platnosti va\u0161eho poji\u0161t\u011bn\u00ed a dal\u0161\u00ed \u00fadaje v <strong>online datab\u00e1zi \u010cesk\u00e9 kancel\u00e1\u0159e pojistitel\u016f<\/strong>.&nbsp;<\/p>\n\n\n\n<p>A\u010dkoliv u\u017e nebudete muset m\u00edt svou zelenou kartu kdykoliv po ruce, nezapome\u0148te pravideln\u011b <strong>kontrolovat platnost <\/strong>va\u0161eho povinn\u00e9ho ru\u010den\u00ed. S <a href=\"https:\/\/www.rixo.cz\/blog\/nepojistene-vozidlo\/\"><strong>nepoji\u0161t\u011bn\u00fdm vozidlem<\/strong><\/a> byste se toti\u017e skute\u010dn\u011b dostali do probl\u00e9m\u016f. Do takov\u00e9 situace se ale s RIXO.cz nikdy nedostanete. Srovnejte si nab\u00eddky povinn\u00e9ho ru\u010den\u00ed, uzav\u0159ete pojistnou smlouvu a my v\u00e1s p\u0159ed koncem pojistn\u00e9ho obdob\u00ed automaticky upozorn\u00edme na bl\u00ed\u017e\u00edc\u00ed se konec platnosti. Jdeme na to?&nbsp;<\/p>\n\n\n\n<div class=\"wp-block-group is-content-justification-center is-nowrap is-layout-flex wp-container-core-group-is-layout-1 wp-block-group-is-layout-flex\">\n<iframe loading=\"lazy\" height=\"450\" width=\"400\" frameborder=\"0\" data-lazy=\"true\" data-src=\"https:\/\/www.rixo.cz\/forms\/vehicle-insurance-form\/\"><\/iframe>\n<\/div>\n\n\n\n<p><\/p>\n","protected":false},"excerpt":{"rendered":"<p>Ka\u017ed\u00e1 zm\u011bna s sebou p\u0159in\u00e1\u0161\u00ed pozitiva i negativa. Kde naj\u00edt ten a kde zase tamten \u00fadaj? A\u010dkoliv u zm\u011bny v oblasti technick\u00fdch pr\u016fkaz\u016f nebo zru\u0161en\u00ed zelen\u00e9 karty pozitiva v\u00fdrazn\u011b p\u0159eva\u017euj\u00ed, nemal\u00e1 \u010d\u00e1st \u0159idi\u010d\u016f se m\u016f\u017ee pot\u00fdkat se zmatkem. <\/p>\n","protected":false},"author":11,"featured_media":2005,"comment_status":"closed","ping_status":"closed","sticky":false,"template":"","format":"standard","meta":{"rank_math_lock_modified_date":false,"footnotes":""},"categories":[7,6],"tags":[17,32,22],"acf":[],"_links":{"self":[{"href":"https:\/\/www.rixo.cz\/blog\/wp-json\/wp\/v2\/posts\/1999"}],"collection":[{"href":"https:\/\/www.rixo.cz\/blog\/wp-json\/wp\/v2\/posts"}],"about":[{"href":"https:\/\/www.rixo.cz\/blog\/wp-json\/wp\/v2\/types\/post"}],"author":[{"embeddable":true,"href":"https:\/\/www.rixo.cz\/blog\/wp-json\/wp\/v2\/users\/11"}],"replies":[{"embeddable":true,"href":"https:\/\/www.rixo.cz\/blog\/wp-json\/wp\/v2\/comments?post=1999"}],"version-history":[{"count":7,"href":"https:\/\/www.rixo.cz\/blog\/wp-json\/wp\/v2\/posts\/1999\/revisions"}],"predecessor-version":[{"id":3326,"href":"https:\/\/www.rixo.cz\/blog\/wp-json\/wp\/v2\/posts\/1999\/revisions\/3326"}],"wp:featuredmedia":[{"embeddable":true,"href":"https:\/\/www.rixo.cz\/blog\/wp-json\/wp\/v2\/media\/2005"}],"wp:attachment":[{"href":"https:\/\/www.rixo.cz\/blog\/wp-json\/wp\/v2\/media?parent=1999"}],"wp:term":[{"taxonomy":"category","embeddable":true,"href":"https:\/\/www.rixo.cz\/blog\/wp-json\/wp\/v2\/categories?post=1999"},{"taxonomy":"post_tag","embeddable":true,"href":"https:\/\/www.rixo.cz\/blog\/wp-json\/wp\/v2\/tags?post=1999"}],"curies":[{"name":"wp","href":"https:\/\/api.w.org\/{rel}","templated":true}]}}