{"id":2877,"date":"2025-01-20T09:42:18","date_gmt":"2025-01-20T08:42:18","guid":{"rendered":"https:\/\/www.rixo.cz\/blog\/?p=2877"},"modified":"2025-01-20T09:42:20","modified_gmt":"2025-01-20T08:42:20","slug":"dalnicni-znamka-slovinsko","status":"publish","type":"post","link":"https:\/\/www.rixo.cz\/blog\/dalnicni-znamka-slovinsko\/","title":{"rendered":"D\u00e1lni\u010dn\u00ed zn\u00e1mka Slovinsko 2025: Cena a kde ji koupit"},"content":{"rendered":"\n<p>Chyst\u00e1te se na v\u00fdlet do Julsk\u00fdch Alp, prohl\u00eddku historick\u00e9ho centra Lublan\u011b nebo budete Slovinskem jen proj\u00ed\u017ed\u011bt do sv\u00e9 c\u00edlov\u00e9 destinace? P\u0159ed cestou nezapome\u0148te na n\u00e1kup d\u00e1lni\u010dn\u00ed zn\u00e1mky. Nejde o nic slo\u017eit\u00e9ho, d\u00e1lni\u010dn\u00ed zn\u00e1mka do Slovinska je k dost\u00e1n\u00ed online.&nbsp;&nbsp;<\/p>\n\n\n\n<h2 class=\"wp-block-heading\">Kdy je ve Slovinsku pot\u0159eba d\u00e1lni\u010dn\u00ed zn\u00e1mka?<\/h2>\n\n\n\n<p>D\u00e1lni\u010dn\u00ed zn\u00e1mka je nepostradateln\u00e1 pro j\u00edzdu na slovinsk\u00fdch zpoplatn\u011bn\u00fdch d\u00e1lnic\u00edch a rychlostn\u00edch silnic\u00edch pro \u0159idi\u010de nejen osobn\u00edch a u\u017eitkov\u00fdch <strong>dvoustop\u00fdch<\/strong> <strong>vozidel<\/strong>, ale tak\u00e9 <strong>motocykl\u016f<\/strong>. V \u010cesku m\u016f\u017eete na motorce jezdit po d\u00e1lnic\u00edch bez zn\u00e1mky, p\u0159ed cestou do Slovinska si mus\u00edte d\u00e1lni\u010dn\u00ed zn\u00e1mku po\u0159\u00eddit, stejn\u011b jako nap\u0159\u00edklad v <a href=\"https:\/\/www.rixo.cz\/blog\/dalnicni-znamka-madarsko-2024-jak-a-kde-koupit\/\">Ma\u010farsku<\/a>.&nbsp;&nbsp;<\/p>\n\n\n\n<p>Na n\u00e1kup d\u00e1lni\u010dn\u00ed zn\u00e1mky rozhodn\u011b nezapom\u00ednejte, za j\u00edzdu bez n\u00ed toti\u017e m\u016f\u017eete dostat <strong>pokutu ve v\u00fd\u0161i 300-800 EUR<\/strong>. Stejn\u00e1 sankce plat\u00ed i pro ty, kte\u0159\u00ed si koupili d\u00e1lni\u010dn\u00ed zn\u00e1mku chybn\u011b, nap\u0159\u00edklad pro jin\u00fd typ vozidla. P\u0159i n\u00e1kupu proto pe\u010dliv\u011b zkontrolujte zadan\u00e9 \u00fadaje.&nbsp;&nbsp;<\/p>\n\n\n\n<h2 class=\"wp-block-heading\">D\u00e1lni\u010dn\u00ed zn\u00e1mka Slovinsko: Kde koupit<\/h2>\n\n\n\n<p>Stejn\u011b jako v \u010cesku, Rakousku nebo Ma\u010farsku jsou slovinsk\u00e9 d\u00e1lni\u010dn\u00ed zn\u00e1mky pln\u011b elektronick\u00e9. Nemus\u00edte tak na hranic\u00edch \u0159e\u0161it, kde d\u00e1lni\u010dn\u00ed zn\u00e1mku sehnat, ale p\u0159edem si v\u0161e v klidu naklikat na ofici\u00e1ln\u00edm e-shopu <a href=\"http:\/\/evinjeta.dars.si\/\" target=\"_blank\" rel=\"noopener\">E-Vinjeta<\/a>. K po\u0159\u00edzen\u00ed d\u00e1lni\u010dn\u00ed zn\u00e1mky v\u00e1m sta\u010d\u00ed jen zadat SPZ, zvolit variantu a datum platnosti a n\u00e1sledn\u011b zn\u00e1mku zaplatit kartou \u010di bankovn\u00edm p\u0159evodem. D\u00e1lni\u010dn\u00ed zn\u00e1mky p\u0159\u00edpadn\u011b po\u0159\u00edd\u00edte tak\u00e9 na prodejn\u00edch m\u00edstech na \u010derpac\u00edch stanic\u00edch u hrani\u010dn\u00edch p\u0159echod\u016f.&nbsp;<\/p>\n\n\n\n<h2 class=\"wp-block-heading\">D\u00e1lni\u010dn\u00ed zn\u00e1mka Slovinsko: Cena 2025<\/h2>\n\n\n\n<p>Cena d\u00e1lni\u010dn\u00edch zn\u00e1mek ve Slovinsku se odv\u00edj\u00ed jak od d\u00e9lky platnosti zn\u00e1mky, tak typu vozidla. Aktu\u00e1ln\u00ed ceny pro rok 2025 naleznete v tabulce n\u00ed\u017ee. Oproti roku 2024 se ceny ani nab\u00eddka variant nem\u011bn\u00ed &#8211; bohu\u017eel si tedy je\u0161t\u011b nebudete moci po\u0159\u00eddit jednodenn\u00ed d\u00e1lni\u010dn\u00ed zn\u00e1mku, kterou by ocenili p\u0159edev\u0161\u00edm dovolenk\u00e1\u0159i na cest\u011b do <a href=\"https:\/\/www.rixo.cz\/blog\/autem-do-chorvatska-na-co-nezapomenout-nez-vyrazite-na-dovolenou\/\">Chorvatska<\/a>. Ti si zkr\u00e1tka mus\u00ed zakoupit d\u00e1lni\u010dn\u00ed zn\u00e1mku na cel\u00fd t\u00fdden.&nbsp;<\/p>\n\n\n\n<p>P\u0159i v\u00fdb\u011bru z kategori\u00ed vozidel by m\u011bli zbyst\u0159it p\u0159edev\u0161\u00edm majitel\u00e9 dod\u00e1vek a jin\u00fdch v\u011bt\u0161\u00edch vozidel. Rozhoduje v\u00fd\u0161ka vozidla nad p\u0159edn\u00ed n\u00e1pravou &#8211; s vozidlem, u kter\u00e9ho nam\u011b\u0159\u00edte od zem\u011b ke kapot\u011b v\u00edce ne\u017e 130 cm, si za d\u00e1lni\u010dn\u00ed zn\u00e1mku p\u0159iplat\u00edte dvojn\u00e1sobek oproti ni\u017e\u0161\u00edm aut\u016fm.&nbsp;<\/p>\n\n\n\n<h3 class=\"wp-block-heading\">Ceny d\u00e1lni\u010dn\u00ed zn\u00e1mky Slovinsko&nbsp;<\/h3>\n\n\n\n<figure class=\"wp-block-table\"><table class=\"has-fixed-layout\"><tbody><tr><td><\/td><td><strong>7 dn\u00ed<\/strong><\/td><td><strong>1 m\u011bs\u00edc<\/strong><\/td><td><strong>6 m\u011bs\u00edc\u016f<\/strong><\/td><td><strong>1 rok<\/strong><\/td><\/tr><tr><td>Motocykly<\/td><td>8 \u20ac<\/td><td>&#8211;<\/td><td>30 \u20ac<\/td><td>58,7 \u20ac<\/td><\/tr><tr><td>Vozidla do 3,5 t (v\u00fd\u0161ka nad p\u0159edn\u00ed n\u00e1pravou do 130 cm)<\/td><td>16 \u20ac<\/td><td>32 \u20ac<\/td><td>&#8211;<\/td><td>117,5 \u20ac<\/td><\/tr><tr><td>Vozidla do 3,5 t (v\u00fd\u0161ka nad p\u0159edn\u00ed n\u00e1pravou nad 130 cm)<\/td><td>32 \u20ac<\/td><td>64,1 \u20ac<\/td><td>&#8211;<\/td><td>235 \u20ac<\/td><\/tr><\/tbody><\/table><\/figure>\n\n\n\n<figure class=\"wp-block-image size-full\"><img loading=\"lazy\" decoding=\"async\" width=\"999\" height=\"662\" src=\"https:\/\/www.rixo.cz\/blog\/wp-content\/themes\/breek\/assets\/images\/transparent.gif\" data-lazy=\"true\" data-src=\"https:\/\/www.rixo.cz\/blog\/wp-content\/uploads\/2025\/01\/pexels-dreamypixel-552770-1-1.jpg\" alt=\"d\u00e1lni\u010dn\u00ed zn\u00e1mka slovinsko\" class=\"wp-image-2879\" data-srcset=\"https:\/\/www.rixo.cz\/blog\/wp-content\/uploads\/2025\/01\/pexels-dreamypixel-552770-1-1.jpg 999w, https:\/\/www.rixo.cz\/blog\/wp-content\/uploads\/2025\/01\/pexels-dreamypixel-552770-1-1-300x199.jpg 300w, https:\/\/www.rixo.cz\/blog\/wp-content\/uploads\/2025\/01\/pexels-dreamypixel-552770-1-1-768x509.jpg 768w, https:\/\/www.rixo.cz\/blog\/wp-content\/uploads\/2025\/01\/pexels-dreamypixel-552770-1-1-100x66.jpg 100w, https:\/\/www.rixo.cz\/blog\/wp-content\/uploads\/2025\/01\/pexels-dreamypixel-552770-1-1-679x450.jpg 679w\" data-sizes=\"(max-width: 999px) 100vw, 999px\" \/><\/figure>\n\n\n\n<h2 class=\"wp-block-heading\">Na co nezapomenout p\u0159ed cestou do Slovinska<\/h2>\n\n\n\n<p>Slovinsk\u00e1 povinn\u00e1 v\u00fdbava zahrnuje <a href=\"https:\/\/www.rixo.cz\/blog\/autolekarnicka-co-musite-vedet\/\">autol\u00e9k\u00e1rni\u010dku<\/a>, <strong>v\u00fdstra\u017en\u00fd troj\u00faheln\u00edk<\/strong>, <strong>reflexn\u00ed vesty pro v\u0161echny pasa\u017e\u00e9ry<\/strong> a (mo\u017en\u00e1 p\u0159ekvapiv\u011b) tak\u00e9 <strong>n\u00e1hradn\u00ed \u017e\u00e1rovky<\/strong>. Ty s sebou mo\u017en\u00e1 po \u010cesku b\u011b\u017en\u011b nevoz\u00edte, nezapome\u0148te proto sadu \u017e\u00e1rovek p\u0159ibalit.&nbsp;<\/p>\n\n\n\n<p>Nepodce\u0148ujte ani d\u016fle\u017eitost <a href=\"https:\/\/www.rixo.cz\/cestovni-pojisteni\/\">cestovn\u00edho poji\u0161t\u011bn\u00ed<\/a> a p\u0159edev\u0161\u00edm hlavn\u00edho poji\u0161t\u011bn\u00ed l\u00e9\u010debn\u00fdch v\u00fdloh. To v\u00e1m pom\u016f\u017ee s \u00fahradou l\u00e9ka\u0159sk\u00e9 p\u00e9\u010de v p\u0159\u00edpad\u011b nemoci \u010di \u00farazu. Po Evrop\u011b byste si minim\u00e1ln\u00ed limit na l\u00e9\u010debn\u00e9 v\u00fdlohy m\u011bli nastavit na 5 milion\u016f korun. V kvalitn\u00edm cestovn\u00edm poji\u0161t\u011bn\u00ed by nem\u011blo chyb\u011bt ani poji\u0161t\u011bn\u00ed odpov\u011bdnosti nebo <a href=\"https:\/\/www.rixo.cz\/cestovni-pojisteni-rizikovych-sportu\/\">poji\u0161t\u011bn\u00ed rizikov\u00fdch sport\u016f<\/a>, pokud pl\u00e1nujete svou dovolenou pro\u017e\u00edt aktivn\u011b.&nbsp;<\/p>\n\n\n\n<p>Kdekoliv v r\u00e1mci va\u0161\u00ed cesty v\u00e1s m\u016f\u017ee zasko\u010dit <strong>technick\u00e1 porucha<\/strong>, p\u00edchl\u00e1 pneumatika nebo dokonce i <strong>nehoda<\/strong>. M\u011bjte proto p\u0159i ruce nejen pap\u00edrovou <a href=\"https:\/\/www.rixo.cz\/blog\/konec-velkeho-technicaku-kde-najit-vsechny-udaje\/\"><strong>zelenou kartu<\/strong><\/a> k va\u0161emu <a href=\"https:\/\/www.rixo.cz\/povinne-ruceni\/\">povinn\u00e9mu ru\u010den\u00ed<\/a>, ale tak\u00e9 myslete na vhodn\u00e9 zvolen\u00ed <strong>asisten\u010dn\u00edch slu\u017eeb<\/strong> v zahrani\u010d\u00ed. Zkontrolujte, zda va\u0161e autopoji\u0161t\u011bn\u00ed zahrnuje dostate\u010dn\u00fd rozsah asisten\u010dn\u00edch slu\u017eeb po Evrop\u011b, p\u0159\u00edpadn\u011b si k cestovn\u00edmu poji\u0161t\u011bn\u00ed p\u0159idejte <a href=\"https:\/\/www.rixo.cz\/pojisteni-vozidla-do-zahranici\/\">poji\u0161t\u011bn\u00ed auta do zahrani\u010d\u00ed<\/a>. A m\u016f\u017eete vyrazit!&nbsp;<\/p>\n\n\n\n<div class=\"wp-block-buttons is-layout-flex wp-block-buttons-is-layout-flex\">\n<div class=\"wp-block-button has-custom-font-size aligncenter\" style=\"font-size:18px\"><a class=\"wp-block-button__link has-background wp-element-button\" href=\"https:\/\/www.rixo.cz\/cestovni-pojisteni\/\" style=\"background-color:#605db5\">Srovnat cestovn\u00ed poji\u0161t\u011bn\u00ed<\/a><\/div>\n<\/div>\n","protected":false},"excerpt":{"rendered":"<p>Chyst\u00e1te se na v\u00fdlet do Julsk\u00fdch Alp, prohl\u00eddku historick\u00e9ho centra Lublan\u011b nebo budete Slovinskem jen proj\u00ed\u017ed\u011bt do sv\u00e9 c\u00edlov\u00e9 destinace? P\u0159ed cestou nezapome\u0148te na n\u00e1kup d\u00e1lni\u010dn\u00ed zn\u00e1mky. Nejde o nic slo\u017eit\u00e9ho, d\u00e1lni\u010dn\u00ed zn\u00e1mka do Slovinska je k dost\u00e1n\u00ed jednodu\u0161e online.\u00a0\u00a0<\/p>\n","protected":false},"author":11,"featured_media":2878,"comment_status":"closed","ping_status":"closed","sticky":false,"template":"","format":"standard","meta":{"rank_math_lock_modified_date":false,"footnotes":""},"categories":[7,10,6],"tags":[17,23],"acf":[],"_links":{"self":[{"href":"https:\/\/www.rixo.cz\/blog\/wp-json\/wp\/v2\/posts\/2877"}],"collection":[{"href":"https:\/\/www.rixo.cz\/blog\/wp-json\/wp\/v2\/posts"}],"about":[{"href":"https:\/\/www.rixo.cz\/blog\/wp-json\/wp\/v2\/types\/post"}],"author":[{"embeddable":true,"href":"https:\/\/www.rixo.cz\/blog\/wp-json\/wp\/v2\/users\/11"}],"replies":[{"embeddable":true,"href":"https:\/\/www.rixo.cz\/blog\/wp-json\/wp\/v2\/comments?post=2877"}],"version-history":[{"count":5,"href":"https:\/\/www.rixo.cz\/blog\/wp-json\/wp\/v2\/posts\/2877\/revisions"}],"predecessor-version":[{"id":2919,"href":"https:\/\/www.rixo.cz\/blog\/wp-json\/wp\/v2\/posts\/2877\/revisions\/2919"}],"wp:featuredmedia":[{"embeddable":true,"href":"https:\/\/www.rixo.cz\/blog\/wp-json\/wp\/v2\/media\/2878"}],"wp:attachment":[{"href":"https:\/\/www.rixo.cz\/blog\/wp-json\/wp\/v2\/media?parent=2877"}],"wp:term":[{"taxonomy":"category","embeddable":true,"href":"https:\/\/www.rixo.cz\/blog\/wp-json\/wp\/v2\/categories?post=2877"},{"taxonomy":"post_tag","embeddable":true,"href":"https:\/\/www.rixo.cz\/blog\/wp-json\/wp\/v2\/tags?post=2877"}],"curies":[{"name":"wp","href":"https:\/\/api.w.org\/{rel}","templated":true}]}}