{"id":3919,"date":"2026-03-09T14:44:20","date_gmt":"2026-03-09T13:44:20","guid":{"rendered":"https:\/\/www.rixo.cz\/blog\/?p=3919"},"modified":"2026-03-09T14:44:22","modified_gmt":"2026-03-09T13:44:22","slug":"cyklista-na-chodniku-pokuta","status":"publish","type":"post","link":"https:\/\/www.rixo.cz\/blog\/cyklista-na-chodniku-pokuta\/","title":{"rendered":"Cyklista na chodn\u00edku: Jak\u00e1 je pokuta?"},"content":{"rendered":"\n<p>Chodce \u010dasto p\u0159ekvap\u00ed cyklista na chodn\u00edku, kter\u00fd se vyno\u0159\u00ed tak\u0159ka odnikud a prosvi\u0161t\u00ed kolem nich s rezervou p\u00e1r des\u00edtek centimetr\u016f. Kv\u016fli ne\u010dekan\u00e9 j\u00edzd\u011b cyklist\u016f na chodn\u00edku tak vznikaj\u00ed nebezpe\u010dn\u00e9 situace, kter\u00e9 mohou kon\u010dit i v\u00e1\u017en\u00fdm zran\u011bn\u00edm. Kdy mohou za j\u00edzdu na chodn\u00edku cyklist\u00e9 dostat pokutu a kdy je j\u00edzda na kole na chodn\u00edku naopak povolen\u00e1? Pod\u00edv\u00e1me se na to dopodrobna v na\u0161em \u010dl\u00e1nku.<\/p>\n\n\n\n<div class=\"wp-block-rank-math-toc-block\" id=\"rank-math-toc\"><h2>Co se v \u010dl\u00e1nku dozv\u00edte?<\/h2><nav><ul><li class=\"\"><a href=\"#cyklista-na-chodniku-co-prikazuje-cyklistovi-zakon\">Cyklista na chodn\u00edku: Co p\u0159ikazuje cyklistovi z\u00e1kon?<\/a><\/li><li class=\"\"><a href=\"#deti-na-kole-mohou-deti-do-10-let-jet-na-kole-po-chodniku\">D\u011bti na kole: Mohou d\u011bti do 10 let jet na kole po chodn\u00edku?\u00a0<\/a><\/li><li class=\"\"><a href=\"#je-na-chodniku-povolena-kolobezka-a-koleckove-brusle\">Je na chodn\u00edku povolen\u00e1 kolob\u011b\u017eka a kole\u010dkov\u00e9 brusle?<\/a><\/li><li class=\"\"><a href=\"#jaka-je-pokuta-za-jizdu-na-chodniku\">Jak\u00e1 je pokuta za j\u00edzdu na chodn\u00edku?<\/a><\/li><\/ul><\/nav><\/div>\n\n\n\n<h2 class=\"wp-block-heading\" id=\"cyklista-na-chodniku-co-prikazuje-cyklistovi-zakon\">Cyklista na chodn\u00edku: Co p\u0159ikazuje cyklistovi z\u00e1kon?<\/h2>\n\n\n\n<p>Asi v\u00e1s nep\u0159ekvap\u00ed z\u00e1kladn\u00ed princip fungov\u00e1n\u00ed chodn\u00edku: chodn\u00edk je ur\u010den chodc\u016fm, a to tak\u0159ka v\u00fdhradn\u011b. <strong>Cyklista<\/strong> je podle z\u00e1kona <strong>\u0159idi\u010dem nemotorov\u00e9ho vozidla<\/strong>, nespl\u0148uje proto p\u0159edpoklady pro p\u011b\u0161\u00ed provoz a <strong>pohybovat se mus\u00ed na vozovce<\/strong>, vyzna\u010den\u00e9 <strong>cyklostezce<\/strong> \u010di <strong>v cyklopruhu<\/strong>. V\u00fdjimky z tohoto pravidla jsou velmi omezen\u00e9. Cyklist\u00e9 mohou vjet pouze na chodn\u00edky, kter\u00e9 jsou ozna\u010den\u00e9 p\u0159\u00edslu\u0161nou dopravn\u00ed zna\u010dkou &#8211; povolen\u00fd pr\u016fjezd kol zna\u010d\u00ed modr\u00e1 p\u0159\u00edkazov\u00e1 zna\u010dka \u201c<strong>Stezka pro chodce a cyklisty<\/strong>\u201d.<\/p>\n\n\n\n<p>Stejn\u011b tak se cyklista nem\u00e1 pl\u00e9st mezi chodce ani na p\u0159echodu &#8211; a to zejm\u00e9na v p\u0159\u00edpad\u011b, \u017ee na vozovce je vyzna\u010den <strong>p\u0159ejezd k tomu ur\u010den\u00fd<\/strong>. Obecn\u011b v\u0161ak cyklisti u p\u0159echod\u016f bez p\u0159ejezdu mohou p\u0159echod pro chodce pro p\u0159ejet\u00ed vozovky vyu\u017e\u00edt, pokud nen\u00ed u p\u0159echodu um\u00edst\u011bna p\u0159\u00edkazov\u00e1 zna\u010dka \u201c<strong>Cyklisto, sesedni z kola<\/strong>\u201d. Ale je to je\u0161t\u011b trochu slo\u017eit\u011bj\u0161\u00ed. Vzhledem k tomu, \u017ee cyklist\u00e9 se nemaj\u00ed na chodn\u00edku pohybovat,<strong> nemaj\u00ed ani na p\u0159echod z chodn\u00edku naj\u00ed\u017ed\u011bt<\/strong>. Samoz\u0159ejmost\u00ed pak je, \u017ee stejn\u011b jako \u0159idi\u010di motorov\u00fdch vozidel nesm\u00ed cyklist\u00e9 na p\u0159echodu <strong>omezit \u010di ohrozit chodce<\/strong> a pokud jedou po krajnici vozovky nebo v cyklopruhu, tak\u00e9 mus\u00ed chodc\u016fm <strong>d\u00e1t p\u0159ednost stejn\u011b jako \u0159idi\u010di motorov\u00fdch vozidel<\/strong>.&nbsp;<\/p>\n\n\n\n<p>Jak je to ale s cyklistou, kter\u00fd <strong>z kola sesedne<\/strong> a vede ho? <strong>St\u00e1v\u00e1 se pak chodcem<\/strong> a vztahuj\u00ed se na n\u011bj ve\u0161ker\u00e1 pr\u00e1va a povinnosti chodc\u016f. M\u016f\u017ee tak v souladu s pravidly p\u0159ech\u00e1zet p\u0159echody pro chodce a samoz\u0159ejm\u011b i vyu\u017e\u00edvat chodn\u00edk.&nbsp;<\/p>\n\n\n\n<h2 class=\"wp-block-heading\" id=\"deti-na-kole-mohou-deti-do-10-let-jet-na-kole-po-chodniku\">D\u011bti na kole: Mohou d\u011bti do 10 let jet na kole po chodn\u00edku?&nbsp;<\/h2>\n\n\n\n<p>Ji\u017e dlouh\u00e1 l\u00e9ta se traduje, d\u011bti do 10 let mohou po chodn\u00edku na kole jezdit bez omezen\u00ed. Jde ov\u0161em jen o \u0161iroce roz\u0161\u00ed\u0159en\u00fd m\u00fdtus, nikoli jedn\u00e1n\u00ed p\u0159edv\u00eddan\u00e9 a dovolen\u00e9 z\u00e1konem. Jak tento omyl vznikl? <strong>V\u00fdjimka pro d\u011bti do 10 let<\/strong> spo\u010d\u00edv\u00e1 v tom, \u017ee jim je pouze <strong>povoleno jet bez dozoru<\/strong> star\u0161\u00ed osoby <strong>na chodn\u00edku, kam je z\u00e1rove\u0148 povolen vjezd kol <\/strong>&#8211; vzpome\u0148te na v\u00fd\u0161e zmi\u0148ovanou zna\u010dku \u201cStezka pro chodce a cyklisty\u201d. Na silnice pak mohou pouze s dozorem osoby star\u0161\u00ed 15 let. Neznamen\u00e1 ale to ani v nejmen\u0161\u00edm, \u017ee mohou br\u00e1zdit chodn\u00edky kdekoliv.&nbsp;<\/p>\n\n\n\n<h2 class=\"wp-block-heading\" id=\"je-na-chodniku-povolena-kolobezka-a-koleckove-brusle\">Je na chodn\u00edku povolen\u00e1 kolob\u011b\u017eka a kole\u010dkov\u00e9 brusle?<\/h2>\n\n\n\n<p>Vyjasnili jsme si, jak je to s provozem kol na chodn\u00edc\u00edch. Co ale dal\u0161\u00ed \u010dasto pou\u017e\u00edvan\u00e9 dopravn\u00ed prost\u0159edky nebo vybaven\u00ed? V\u011bzte, \u017ee pokud <strong>jedete na kolob\u011b\u017ece<\/strong>, vztahuj\u00ed se na v\u00e1s<strong> stejn\u00e9 povinnosti jako na cyklisty<\/strong>. Na \u201coby\u010dejn\u00fd chodn\u00edk\u201d tedy j\u00edzda na kolob\u011b\u017ece a elektrokolob\u011b\u017ece nepat\u0159\u00ed. To ale neplat\u00ed t\u0159eba pro<strong> j\u00edzdu na skateboardu nebo in-line brusl\u00edch<\/strong>. Jejich provoz na <strong>chodn\u00edku pro chodce <\/strong>nen\u00ed p\u0159estupkem, z\u00e1rove\u0148 nav\u00edc jezdci mohou <strong>vyu\u017e\u00edt i vyzna\u010den\u00e9 cyklopruhy a cyklostezky<\/strong>. P\u0159ipom\u00edn\u00e1me, \u017ee a\u0165 u\u017e jedete na \u010demkoliv, p\u0159i <strong>j\u00edzd\u011b na chodn\u00edku<\/strong> nesm\u00edte ohrozit chodce <strong>p\u0159\u00edli\u0161 rychlou a nebezpe\u010dnou j\u00edzdou<\/strong>.&nbsp;<\/p>\n\n\n\n<figure class=\"wp-block-image size-full\"><img loading=\"lazy\" decoding=\"async\" width=\"999\" height=\"562\" src=\"https:\/\/www.rixo.cz\/blog\/wp-content\/themes\/breek\/assets\/images\/transparent.gif\" data-lazy=\"true\" data-src=\"https:\/\/www.rixo.cz\/blog\/wp-content\/uploads\/2026\/02\/bottom-view-woman-walking-bike-1-1-edited.jpg\" alt=\"cyklista na chodn\u00edku\" class=\"wp-image-3923\" data-srcset=\"https:\/\/www.rixo.cz\/blog\/wp-content\/uploads\/2026\/02\/bottom-view-woman-walking-bike-1-1-edited.jpg 999w, https:\/\/www.rixo.cz\/blog\/wp-content\/uploads\/2026\/02\/bottom-view-woman-walking-bike-1-1-edited-300x169.jpg 300w, https:\/\/www.rixo.cz\/blog\/wp-content\/uploads\/2026\/02\/bottom-view-woman-walking-bike-1-1-edited-768x432.jpg 768w, https:\/\/www.rixo.cz\/blog\/wp-content\/uploads\/2026\/02\/bottom-view-woman-walking-bike-1-1-edited-100x56.jpg 100w, https:\/\/www.rixo.cz\/blog\/wp-content\/uploads\/2026\/02\/bottom-view-woman-walking-bike-1-1-edited-700x394.jpg 700w\" data-sizes=\"(max-width: 999px) 100vw, 999px\" \/><\/figure>\n\n\n\n<h2 class=\"wp-block-heading\" id=\"jaka-je-pokuta-za-jizdu-na-chodniku\">Jak\u00e1 je pokuta za j\u00edzdu na chodn\u00edku?<\/h2>\n\n\n\n<p>Cyklista na chodn\u00edku, za p\u0159edpokladu nespln\u011bn\u00ed z\u00e1konn\u00e9 v\u00fdjimky, se dopou\u0161t\u00ed<strong> p\u0159estupku<\/strong>, za kter\u00fd mu m\u016f\u017ee b\u00fdt ulo\u017eena<strong> pokuta<\/strong> a\u017e <strong>2 000 K\u010d<\/strong> na m\u00edst\u011b. Do v\u00fdrazn\u011b z\u00e1va\u017en\u011bj\u0161\u00ed situace se pak cyklista dostane nap\u0159\u00edklad kv\u016fli j\u00edzd\u011b pod vlivem alkoholu \u010di omamn\u00fdch l\u00e1tek, ale tak\u00e9 kv\u016fli nehod\u011b s chodcem nebo nap\u0159\u00edklad sr\u00e1\u017ece s ven\u010den\u00fdm psem.&nbsp;<\/p>\n\n\n\n<p>Sr\u00e1\u017eka s chodcem, kterou zavin\u00ed cyklista na chodn\u00edku, kde by dle p\u0159edpis\u016f nem\u011bl v\u016fbec b\u00fdt, m\u016f\u017ee m\u00edt skute\u010dn\u011b neblah\u00e9 n\u00e1sledky, a to jak pro po\u0161kozen\u00e9ho chodce, tak i cyklistu. Nejv\u011bt\u0161\u00ed starost\u00ed pro n\u011bj nemus\u00ed b\u00fdt <strong>pokuta<\/strong>, ale <strong>od\u0161kodn\u011bn\u00ed chodce<\/strong>, kter\u00e9 se m\u016f\u017ee pohybovat v \u0159\u00e1dech des\u00edtek tis\u00edc\u016f i milion\u016f korun. Pr\u00e1v\u011b pro p\u0159\u00edpad zp\u016fsoben\u00ed \u0161kody na majetku \u010di \u00fajmy na zdrav\u00ed t\u0159et\u00ed osoby by si ka\u017ed\u00fd cyklista m\u011bl sjednat <a href=\"https:\/\/www.rixo.cz\/pojisteni-odpovednosti\/\"><strong>poji\u0161t\u011bn\u00ed ob\u010dansk\u00e9 odpov\u011bdnosti<\/strong><\/a>.&nbsp;<\/p>\n\n\n\n<p>Poji\u0161t\u011bn\u00ed pom\u016f\u017ee jak p\u0159i sr\u00e1\u017ece cyklisty s chodcem, tak i p\u0159i sr\u00e1\u017ece cyklist\u016f navz\u00e1jem a v cel\u00e9 \u0159ad\u011b dal\u0161\u00edch situac\u00ed &#8211; od vytopen\u00ed souseda a\u017e po rozbit\u00ed zbo\u017e\u00ed v obchod\u011b. Je\u0161t\u011b ho nem\u00e1te? Srovnejte si ho z pohodl\u00ed domova na <a href=\"http:\/\/rixo.cz\" target=\"_blank\" rel=\"noopener\">RIXO.cz<\/a> b\u011bhem minutky!<\/p>\n\n\n\n<div class=\"wp-block-group is-content-justification-center is-nowrap is-layout-flex wp-container-core-group-is-layout-1 wp-block-group-is-layout-flex\">\n<iframe loading=\"lazy\" height=\"350\" width=\"400\" frameborder=\"0\" data-lazy=\"true\" data-src=\"https:\/\/www.rixo.cz\/forms\/liability-insurance-form\/\"><\/iframe>\n<\/div>\n","protected":false},"excerpt":{"rendered":"<p>Chodce \u010dasto p\u0159ekvap\u00ed cyklista na chodn\u00edku, kter\u00fd se vyno\u0159\u00ed tak\u0159ka odnikud a prosvi\u0161t\u00ed kolem nich s rezervou p\u00e1r des\u00edtek centimetr\u016f. Kdy mohou za j\u00edzdu na chodn\u00edku cyklist\u00e9 dostat pokutu a kdy je j\u00edzda na kole na chodn\u00edku naopak povolen\u00e1? <\/p>\n","protected":false},"author":11,"featured_media":3921,"comment_status":"closed","ping_status":"closed","sticky":false,"template":"","format":"standard","meta":{"rank_math_lock_modified_date":false,"footnotes":""},"categories":[7,48],"tags":[45],"acf":[],"_links":{"self":[{"href":"https:\/\/www.rixo.cz\/blog\/wp-json\/wp\/v2\/posts\/3919"}],"collection":[{"href":"https:\/\/www.rixo.cz\/blog\/wp-json\/wp\/v2\/posts"}],"about":[{"href":"https:\/\/www.rixo.cz\/blog\/wp-json\/wp\/v2\/types\/post"}],"author":[{"embeddable":true,"href":"https:\/\/www.rixo.cz\/blog\/wp-json\/wp\/v2\/users\/11"}],"replies":[{"embeddable":true,"href":"https:\/\/www.rixo.cz\/blog\/wp-json\/wp\/v2\/comments?post=3919"}],"version-history":[{"count":3,"href":"https:\/\/www.rixo.cz\/blog\/wp-json\/wp\/v2\/posts\/3919\/revisions"}],"predecessor-version":[{"id":3978,"href":"https:\/\/www.rixo.cz\/blog\/wp-json\/wp\/v2\/posts\/3919\/revisions\/3978"}],"wp:featuredmedia":[{"embeddable":true,"href":"https:\/\/www.rixo.cz\/blog\/wp-json\/wp\/v2\/media\/3921"}],"wp:attachment":[{"href":"https:\/\/www.rixo.cz\/blog\/wp-json\/wp\/v2\/media?parent=3919"}],"wp:term":[{"taxonomy":"category","embeddable":true,"href":"https:\/\/www.rixo.cz\/blog\/wp-json\/wp\/v2\/categories?post=3919"},{"taxonomy":"post_tag","embeddable":true,"href":"https:\/\/www.rixo.cz\/blog\/wp-json\/wp\/v2\/tags?post=3919"}],"curies":[{"name":"wp","href":"https:\/\/api.w.org\/{rel}","templated":true}]}}