{"id":3970,"date":"2026-03-12T13:39:26","date_gmt":"2026-03-12T12:39:26","guid":{"rendered":"https:\/\/www.rixo.cz\/blog\/?p=3970"},"modified":"2026-03-12T14:44:47","modified_gmt":"2026-03-12T13:44:47","slug":"urazove-pojisteni-pro-motorkare","status":"publish","type":"post","link":"https:\/\/www.rixo.cz\/blog\/urazove-pojisteni-pro-motorkare\/","title":{"rendered":"\u00darazov\u00e9 poji\u0161t\u011bn\u00ed pro motork\u00e1\u0159e? Hod\u00ed se nejen v sez\u00f3n\u011b!"},"content":{"rendered":"\n<p>Kdy\u017e teploty po zim\u011b za\u010dnou stoupat, motork\u00e1\u0159i se nemohou do\u010dkat, a\u017e opr\u00e1\u0161\u00ed sv\u016fj stroj a poprv\u00e9 v roce vyjedou na silnici. Pat\u0159\u00edte mezi n\u011b? V\u011bnovat byste se m\u011bli nejen sv\u00e9 motorce, ale i sv\u00e9mu poji\u0161t\u011bn\u00ed, kter\u00e9 v\u00e1s m\u016f\u017ee st\u00e1t tak\u0159ka stejn\u011b, jako pln\u00e1 n\u00e1dr\u017e. Mrkn\u011bte, jak\u00e9 v\u00fdhody m\u00e1 \u00farazov\u00e9 poji\u0161t\u011bn\u00ed pro motork\u00e1\u0159e po cel\u00fd rok.&nbsp;<\/p>\n\n\n\n<div class=\"wp-block-rank-math-toc-block\" id=\"rank-math-toc\"><h2>Co se v \u010dl\u00e1nku dozv\u00edte?<\/h2><nav><ul><li class=\"\"><a href=\"#co-obsahuje-urazove-pojisteni\">Co obsahuje \u00farazov\u00e9 poji\u0161t\u011bn\u00ed?<\/a><ul><li class=\"\"><a href=\"#jak-funguje-pojisteni-umrti-z-duvodu-urazu\">Jak funguje poji\u0161t\u011bn\u00ed \u00famrt\u00ed z d\u016fvodu \u00farazu?<\/a><\/li><li class=\"\"><a href=\"#jak-funguje-pojisteni-trvalych-nasledku-urazu\">Jak funguje poji\u0161t\u011bn\u00ed trval\u00fdch n\u00e1sledk\u016f \u00farazu?<\/a><\/li><li class=\"\"><a href=\"#jak-funguje-pojisteni-hospitalizace-z-duvodu-urazu\">Jak funguje poji\u0161t\u011bn\u00ed hospitalizace z d\u016fvodu \u00farazu?<\/a><\/li><li class=\"\"><a href=\"#jak-funguje-pojisteni-denniho-odskodneho-za-dobu-leceni-urazu\">Jak funguje poji\u0161t\u011bn\u00ed denn\u00edho od\u0161kodn\u00e9ho za dobu l\u00e9\u010den\u00ed \u00farazu?\u00a0<\/a><\/li><\/ul><\/li><li class=\"\"><a href=\"#jake-urazove-pojisteni-kryje-urazy-na-motorce\">Jak\u00e9 \u00farazov\u00e9 poji\u0161t\u011bn\u00ed kryje \u00farazy na motorce?\u00a0<\/a><\/li><\/ul><\/nav><\/div>\n\n\n\n<p>P\u00e1dy a sr\u00e1\u017eky maj\u00ed pro motork\u00e1\u0159e podstatn\u011b hor\u0161\u00ed n\u00e1sledky, ne\u017e pro \u0159idi\u010de osobn\u00edch aut \u201cobalen\u00e9\u201d plechovou karoseri\u00ed. Vzhledem k tomu, \u017ee dopravn\u00ed nehody se zran\u011bn\u00edm motork\u00e1\u0159\u016f nejsou ni\u010d\u00edm vz\u00e1cn\u00fdm, m\u00edt <a href=\"https:\/\/www.rixo.cz\/urazove-pojisteni\/\"><strong>\u00farazov\u00e9 poji\u0161t\u011bn\u00ed<\/strong><\/a><strong> <\/strong>je t\u00e9m\u011b\u0159 nutnost\u00ed. A pr\u00e1v\u011b za\u010d\u00e1tek sez\u00f3ny p\u0159edstavuje vhodn\u00fd okam\u017eik, kdy se na toto poji\u0161t\u011bn\u00ed pod\u00edvat. Spolehnout se na n\u011bj m\u016f\u017eete nav\u00edc nejen na motorce, ale i v pr\u00e1ci, p\u0159i sportu i kdykoliv jindy.&nbsp;<\/p>\n\n\n\n<div class=\"wp-block-buttons is-layout-flex wp-block-buttons-is-layout-flex\">\n<div class=\"wp-block-button has-custom-font-size aligncenter\" style=\"font-size:18px\"><a class=\"wp-block-button__link has-background wp-element-button\" href=\"http:\/\/www.rixo.cz\/urazove-pojisteni\" style=\"background-color:#605db5\">Srovnat \u00farazov\u00e9 poji\u0161t\u011bn\u00ed<\/a><\/div>\n<\/div>\n\n\n\n<h2 class=\"wp-block-heading\" id=\"co-obsahuje-urazove-pojisteni\">Co obsahuje \u00farazov\u00e9 poji\u0161t\u011bn\u00ed?<\/h2>\n\n\n\n<p>\u00darazov\u00e9 poji\u0161t\u011bn\u00ed si m\u016f\u017eete p\u0159edstavit jako bal\u00ed\u010dek n\u011bkolika d\u00edl\u010d\u00edch poji\u0161t\u011bn\u00ed, kter\u00e1 si m\u016f\u017eete navolit podle sv\u00fdch p\u0159edstav. Standardn\u00ed \u00farazov\u00e1 pojistka pak obsahuje poji\u0161t\u011bn\u00ed <strong>\u00famrt\u00ed z d\u016fvodu \u00farazu,<\/strong> poji\u0161t\u011bn\u00ed <strong>trval\u00fdch n\u00e1sledk\u016f \u00farazu<\/strong>, poji\u0161t\u011bn\u00ed <strong>hospitalizace <\/strong>z d\u016fvodu \u00farazu a poji\u0161t\u011bn\u00ed <strong>denn\u00edho od\u0161kodn\u00e9ho<\/strong> za dobu l\u00e9\u010den\u00ed \u00farazu. Pojistka, kter\u00e1 obsahuje v\u0161echna rizika, v\u00e1s m\u016f\u017ee vyj\u00edt u\u017e jen na <strong>ni\u017e\u0161\u00ed stovky korun m\u011bs\u00ed\u010dn\u011b.<\/strong> Ka\u017ed\u00e9 z d\u00edl\u010d\u00edch poji\u0161t\u011bn\u00ed m\u00e1 nav\u00edc vlastn\u00ed uplatn\u011bn\u00ed, na kter\u00e9 se te\u010f do detailu pod\u00edv\u00e1me.&nbsp;<\/p>\n\n\n\n<h3 class=\"wp-block-heading\" id=\"jak-funguje-pojisteni-umrti-z-duvodu-urazu\">Jak funguje poji\u0161t\u011bn\u00ed \u00famrt\u00ed z d\u016fvodu \u00farazu?<\/h3>\n\n\n\n<p><a href=\"https:\/\/www.rixo.cz\/blog\/pojisteni-pro-pripad-smrti\/\"><strong>Poji\u0161t\u011bn\u00ed smrti<\/strong><\/a><strong> <\/strong>slou\u017e\u00ed k tomu, abyste mohli finan\u010dn\u011b zajistit sv\u00e9 bl\u00edzk\u00e9 v p\u0159\u00edpad\u011b ne\u010dekan\u00e9ho \u00famrt\u00ed. Nemus\u00ed j\u00edt jen o vykryt\u00ed va\u0161eho p\u0159\u00edjmu na b\u011b\u017en\u00fd chod rodiny nebo zaji\u0161t\u011bn\u00ed d\u011bt\u00ed, ale t\u0159eba tak\u00e9 o pokryt\u00ed z\u00e1vazk\u016f, jako jsou hypot\u00e9ky \u010di jin\u00e9 \u00fav\u011bry.&nbsp;<\/p>\n\n\n\n<p>Poji\u0161t\u011bn\u00ed se standardn\u011b nastavuje s pojistn\u00fdmi \u010d\u00e1stkami kolem 1 milionu korun i v\u00edce podle pot\u0159eby zaji\u0161t\u011bn\u00ed a b\u011b\u017e\u00ed nej\u010dast\u011bji <strong>do 65 let<\/strong>, ov\u0161em nastavit si ho m\u016f\u017eete klidn\u011b a\u017e <strong>do osmdes\u00e1tky<\/strong>. Nutn\u00e9 je ov\u0161em v\u011bd\u011bt, \u017ee v \u00farazov\u00e9m poji\u0161t\u011bn\u00ed se poji\u0161t\u011bn\u00ed vztahuje jen na \u00famrt\u00ed z d\u016fvodu \u00farazu &#8211; <strong>smrt ze v\u0161ech p\u0159\u00ed\u010din <\/strong>(tedy jak \u00farazu, tak nemoci) se poji\u0161\u0165uje v r\u00e1mci <a href=\"https:\/\/www.rixo.cz\/pojisteni-zivota\/\"><strong>\u017eivotn\u00edho poji\u0161t\u011bn\u00ed<\/strong><\/a>.&nbsp;<\/p>\n\n\n\n<h3 class=\"wp-block-heading\" id=\"jak-funguje-pojisteni-trvalych-nasledku-urazu\">Jak funguje poji\u0161t\u011bn\u00ed trval\u00fdch n\u00e1sledk\u016f \u00farazu?<\/h3>\n\n\n\n<p><a href=\"https:\/\/www.rixo.cz\/blog\/trvale-nasledky-urazu-a-narok-na-plneni\/\"><strong>Trval\u00e9 n\u00e1sledky \u00farazu<\/strong><\/a> p\u0159edstavuj\u00ed po\u00farazov\u00e9 t\u011blesn\u00e9 po\u0161kozen\u00ed, kter\u00e9 se dlouhodob\u011b nezlep\u0161\u00ed l\u00e9\u010dbou, rehabilitacemi ani \u010dasem. Poji\u0161t\u011bn\u00ed v\u00e1m tak alespo\u0148 finan\u010dn\u011b kompenzuje ur\u010dit\u00e9 omezen\u00ed &#8211; zejm\u00e9na funk\u010dn\u00ed, ale v n\u011bkter\u00fdch p\u0159\u00edpadech tak\u00e9 estetick\u00e9. Poji\u0161t\u011bn\u00ed pokr\u00fdv\u00e1 celou \u0159adu trval\u00fdch n\u00e1sledk\u016f, o kter\u00fdch ani netu\u0161\u00edte, \u017ee existuj\u00ed &#8211; od v\u00e1\u017en\u00fdch ztr\u00e1tov\u00fdch poran\u011bn\u00ed p\u0159es omezenou hybnost kloub\u016f, smyslov\u00e9 poruchy, nervov\u00e1 po\u0161kozen\u00ed a\u017e po zjizven\u00ed a dal\u0161\u00ed nep\u0159\u00edzniv\u00e9 stavy.&nbsp;<\/p>\n\n\n\n<p>Pojistit si m\u016f\u017eete jak <strong>\u201cvelk\u00e9\u201d trval\u00e9 n\u00e1sledky<\/strong> (od 10 % t\u011blesn\u00e9ho po\u0161kozen\u00ed), tak i ty <strong>\u201cmen\u0161\u00ed\u201d n\u00e1sledky<\/strong> (od 0,01 %<strong> <\/strong>t\u011blesn\u00e9ho po\u0161kozen\u00ed) &#8211; ty jsou v r\u00e1mci b\u011b\u017en\u00fdch \u00faraz\u016f rozhodn\u011b prakti\u010dt\u011bj\u0161\u00ed. Poji\u0161t\u011bn\u00ed se sjedn\u00e1v\u00e1 s ur\u010ditou pojistnou \u010d\u00e1stkou, standardn\u011b kolem <strong>1 milionu korun<\/strong>. Konkr\u00e9tn\u00ed pln\u011bn\u00ed v p\u0159\u00edpad\u011b trval\u00e9ho n\u00e1sledku z\u00e1vis\u00ed na jeho procentu\u00e1ln\u00edm ohodnocen\u00ed v oce\u0148ovac\u00edch tabulk\u00e1ch poji\u0161\u0165ovny. Uk\u00e1\u017eeme v\u00e1m to na p\u0159\u00edkladu trval\u00fdch n\u00e1sledk\u016f po \u00farazu kolene n\u00ed\u017ee.&nbsp;<\/p>\n\n\n\n<figure class=\"wp-block-image size-full\"><img loading=\"lazy\" decoding=\"async\" width=\"912\" height=\"690\" src=\"https:\/\/www.rixo.cz\/blog\/wp-content\/themes\/breek\/assets\/images\/transparent.gif\" data-lazy=\"true\" data-src=\"https:\/\/www.rixo.cz\/blog\/wp-content\/uploads\/2026\/03\/image.png\" alt=\"\" class=\"wp-image-3972\" data-srcset=\"https:\/\/www.rixo.cz\/blog\/wp-content\/uploads\/2026\/03\/image.png 912w, https:\/\/www.rixo.cz\/blog\/wp-content\/uploads\/2026\/03\/image-300x227.png 300w, https:\/\/www.rixo.cz\/blog\/wp-content\/uploads\/2026\/03\/image-768x581.png 768w, https:\/\/www.rixo.cz\/blog\/wp-content\/uploads\/2026\/03\/image-100x76.png 100w, https:\/\/www.rixo.cz\/blog\/wp-content\/uploads\/2026\/03\/image-595x450.png 595w\" data-sizes=\"(max-width: 912px) 100vw, 912px\" \/><figcaption class=\"wp-element-caption\">Oce\u0148ovac\u00ed tabulky Allianz<\/figcaption><\/figure>\n\n\n\n<h3 class=\"wp-block-heading\" id=\"jak-funguje-pojisteni-hospitalizace-z-duvodu-urazu\">Jak funguje poji\u0161t\u011bn\u00ed hospitalizace z d\u016fvodu \u00farazu?<\/h3>\n\n\n\n<p>\u00da\u010delem <strong>poji\u0161t\u011bn\u00ed hospitalizace <\/strong>je kompenzace za dobu, kdy pob\u00fdv\u00e1te s \u00farazem v nemocnici a zajistit v\u00e1m m\u016f\u017ee pomoc\u00ed sjednan\u00fdch <strong>denn\u00edch d\u00e1vek<\/strong> nap\u0159\u00edklad nadstandardn\u00ed p\u00e9\u010di nebo b\u011b\u017en\u00e9 n\u00e1klady &#8211; \u010dasto nap\u0159\u00edklad<strong> 300-500 K\u010d denn\u011b<\/strong>. Ov\u0161em poji\u0161t\u011bn\u00ed hospitalizace se nevztahuje na jak\u00fdkoliv nemocni\u010dn\u00ed pobyt &#8211; mus\u00ed j\u00edt o nepl\u00e1novanou <strong>akutn\u00ed hospitalizaci <\/strong>trvaj\u00edc\u00ed minim\u00e1ln\u011b 1 den. Vzhledem k tomu, \u017ee na motorce doch\u00e1z\u00ed k o\u0161kliv\u00fdm a v\u00e1\u017en\u00fdm \u00faraz\u016fm, kter\u00e9 mohou vy\u017eadovat okam\u017eit\u00e9 operativn\u00ed \u0159e\u0161en\u00ed, m\u016f\u017ee se v\u00e1m i poji\u0161t\u011bn\u00ed hospitalizace \u00farazem vyplatit.&nbsp;<\/p>\n\n\n\n<h3 class=\"wp-block-heading\" id=\"jak-funguje-pojisteni-denniho-odskodneho-za-dobu-leceni-urazu\">Jak funguje poji\u0161t\u011bn\u00ed denn\u00edho od\u0161kodn\u00e9ho za dobu l\u00e9\u010den\u00ed \u00farazu?&nbsp;<\/h3>\n\n\n\n<p><strong>Denn\u00ed od\u0161kodn\u00e9 za dobu l\u00e9\u010den\u00ed \u00farazu<\/strong> je v z\u00e1sad\u011b <strong>\u201cbolestn\u00e9\u201d <\/strong>&#8211; tak\u0159ka za jak\u00fdkoliv \u00faraz, kter\u00fd se v\u00e1m stane a nejde pouze o nev\u00fdznamnou od\u011brku, m\u016f\u017eete dostat n\u011bjak\u00e9 pen\u00edze. Podm\u00ednkou b\u00fdv\u00e1 pouze ur\u010dit\u00e1 minim\u00e1ln\u00ed doba l\u00e9\u010den\u00ed (zpravidla alespo\u0148 t\u00fdden) a dolo\u017een\u00ed l\u00e9ka\u0159sk\u00e9 zpr\u00e1vy pro v\u00fdpo\u010det pln\u011bn\u00ed. Kolik skute\u010dn\u011b poji\u0161\u0165ovna vyplat\u00ed, z\u00e1vis\u00ed na dob\u011b l\u00e9\u010den\u00ed \u00farazu a na sjednan\u00e9<strong> denn\u00ed d\u00e1vce<\/strong> &#8211; stejn\u011b jako u hospitalizace se nej\u010dast\u011bji sjedn\u00e1v\u00e1 ve v\u00fd\u0161i 300-500 K\u010d.&nbsp;<\/p>\n\n\n\n<figure class=\"wp-block-image size-full\"><img loading=\"lazy\" decoding=\"async\" width=\"999\" height=\"562\" src=\"https:\/\/www.rixo.cz\/blog\/wp-content\/themes\/breek\/assets\/images\/transparent.gif\" data-lazy=\"true\" data-src=\"https:\/\/www.rixo.cz\/blog\/wp-content\/uploads\/2026\/03\/side-view-senior-woman-with-motorcycle-1-1-1-1-edited.jpg\" alt=\"\u00farazov\u00e9 poji\u0161t\u011bn\u00ed pro motork\u00e1\u0159e\" class=\"wp-image-3975\" data-srcset=\"https:\/\/www.rixo.cz\/blog\/wp-content\/uploads\/2026\/03\/side-view-senior-woman-with-motorcycle-1-1-1-1-edited.jpg 999w, https:\/\/www.rixo.cz\/blog\/wp-content\/uploads\/2026\/03\/side-view-senior-woman-with-motorcycle-1-1-1-1-edited-300x169.jpg 300w, https:\/\/www.rixo.cz\/blog\/wp-content\/uploads\/2026\/03\/side-view-senior-woman-with-motorcycle-1-1-1-1-edited-768x432.jpg 768w, https:\/\/www.rixo.cz\/blog\/wp-content\/uploads\/2026\/03\/side-view-senior-woman-with-motorcycle-1-1-1-1-edited-100x56.jpg 100w, https:\/\/www.rixo.cz\/blog\/wp-content\/uploads\/2026\/03\/side-view-senior-woman-with-motorcycle-1-1-1-1-edited-700x394.jpg 700w\" data-sizes=\"(max-width: 999px) 100vw, 999px\" \/><\/figure>\n\n\n\n<h2 class=\"wp-block-heading\" id=\"jake-urazove-pojisteni-kryje-urazy-na-motorce\">Jak\u00e9 \u00farazov\u00e9 poji\u0161t\u011bn\u00ed kryje \u00farazy na motorce?&nbsp;<\/h2>\n\n\n\n<p>Jezd\u00edte na motorce na v\u00fdlety nebo do pr\u00e1ce? \u201cOby\u010dejn\u00e9\u201d \u00farazov\u00e9 poji\u0161t\u011bn\u00ed v\u00e1s <strong>pln\u011b ochr\u00e1n\u00ed <\/strong>a nemus\u00edte se b\u00e1t, \u017ee by v\u00e1s poji\u0161\u0165ovna za \u201crizikov\u011bj\u0161\u00ed dopravn\u00ed prost\u0159edek\u201d jak\u00fdmkoliv zp\u016fsobem diskvalifikovala. Ve\u0161ker\u00e9 \u00farazy, a\u0165 u\u017e na kole, motocyklu \u010di v aut\u011b v r\u00e1mci dopravn\u00edch nehod<strong> v b\u011b\u017en\u00e9m provozu <\/strong>a v mez\u00edch z\u00e1kona, jsou <strong>poji\u0161t\u011bn\u00edm kryt\u00e9<\/strong>. N\u011bkter\u00e9 poji\u0161\u0165ovny nav\u00edc za \u00farazy p\u0159i dopravn\u00edch nehod\u00e1ch vypl\u00e1cej\u00ed v r\u00e1mci bonusov\u00fdch p\u0159ipoji\u0161t\u011bn\u00ed <strong>zv\u00fd\u0161en\u00e9 pln\u011bn\u00ed <\/strong>&#8211; a to t\u0159eba i dvojn\u00e1sobek \u010d\u00e1stky, kterou m\u00e1te sjednanou.&nbsp;<\/p>\n\n\n\n<p>Ve slo\u017eit\u011bj\u0161\u00ed situaci se mohou ocitnout<strong> <\/strong>motork\u00e1\u0159i, kte\u0159\u00ed cht\u011bj\u00ed b\u00fdt chr\u00e1n\u011bni i v r\u00e1mci <strong>j\u00edzd na okruz\u00edch<\/strong> \u010di p\u0159i<strong> tr\u00e9ninku nebo \u00fa\u010dasti v z\u00e1vodech jak\u00e9koliv \u00farovn\u011b<\/strong>. I rekrea\u010dn\u00ed j\u00edzdy na okruz\u00edch mohou b\u00fdt u n\u011bkter\u00fdch poji\u0161\u0165oven pova\u017eov\u00e1ny za <a href=\"https:\/\/www.rixo.cz\/blog\/sport-zivotni-a-urazove-pojisteni\/\"><strong>rizikov\u00fd sport<\/strong><\/a>.&nbsp;<\/p>\n\n\n\n<p>Z\u00e1rove\u0148 i motosport na r\u016fzn\u00fdch \u00farovn\u00edch nemus\u00ed<strong> v\u016fbec poji\u0161\u0165ovna kr\u00fdt <\/strong>&#8211; a z\u00e1le\u017e\u00ed tak na podm\u00ednk\u00e1ch jednotliv\u00fdch poji\u0161\u0165oven, zda v\u00e1s pojist\u00ed ve standardn\u00edm re\u017eimu, s p\u0159ir\u00e1\u017ekou, nebo p\u0159\u00edpadn\u011b s v\u00fdlukou na pln\u011bn\u00ed p\u0159i ur\u010dit\u00fdch nebezpe\u010dn\u011bj\u0161\u00edch aktivit\u00e1ch. Zat\u00edmco u jedn\u00e9 se v\u00e1m m\u016f\u017ee pojistka prodra\u017eit, u jin\u00fdch se nemus\u00edte b\u00e1t v\u016fbec ni\u010deho. Jak\u00e1 poji\u0161\u0165ovna je vhodn\u00e1 a nejv\u00fdhodn\u011bj\u0161\u00ed pr\u00e1v\u011b pro v\u00e1s? To zjist\u00edte d\u00edky jednoduch\u00e9mu srovn\u00e1n\u00ed.&nbsp;<\/p>\n\n\n\n<p>A\u0165 u\u017e jezd\u00edte na stroji s tou nejmen\u0161\u00ed kubaturou nebo sportovn\u00ed osmistovce, srovnejte si nab\u00eddky \u00farazov\u00e9ho poji\u0161t\u011bn\u00ed od 8 poji\u0161\u0165oven na <a href=\"http:\/\/rixo.cz\" target=\"_blank\" rel=\"noopener\">RIXO.cz<\/a>. Sta\u010d\u00ed jen vyplnit kr\u00e1tk\u00fd dotazn\u00edk a za minutku u\u017e m\u016f\u017eete za\u010d\u00edt p\u0159em\u00fd\u0161let, jakou si vyberete.&nbsp;<\/p>\n\n\n\n<div class=\"wp-block-buttons is-layout-flex wp-block-buttons-is-layout-flex\">\n<div class=\"wp-block-button has-custom-font-size aligncenter\" style=\"font-size:18px\"><a class=\"wp-block-button__link has-background wp-element-button\" href=\"http:\/\/www.rixo.cz\/urazove-pojisteni\" style=\"background-color:#605db5\">Srovnat \u00farazov\u00e9 poji\u0161t\u011bn\u00ed<\/a><\/div>\n<\/div>\n","protected":false},"excerpt":{"rendered":"<p>Kdy\u017e teploty po zim\u011b za\u010dnou stoupat, motork\u00e1\u0159i se nemohou do\u010dkat, a\u017e opr\u00e1\u0161\u00ed sv\u016fj stroj a poprv\u00e9 v roce vyjedou na silnici. Pat\u0159\u00edte mezi n\u011b? V\u011bnovat byste se m\u011bli nejen sv\u00e9 motorce, ale i sv\u00e9mu poji\u0161t\u011bn\u00ed, kter\u00e9 v\u00e1s m\u016f\u017ee st\u00e1t tak\u0159ka stejn\u011b, jako pln\u00e1 n\u00e1dr\u017e. Mrkn\u011bte, jak\u00e9 v\u00fdhody m\u00e1 \u00farazov\u00e9 poji\u0161t\u011bn\u00ed pro motork\u00e1\u0159e po cel\u00fd rok.\u00a0<\/p>\n","protected":false},"author":11,"featured_media":3973,"comment_status":"closed","ping_status":"closed","sticky":false,"template":"","format":"standard","meta":{"rank_math_lock_modified_date":false,"footnotes":""},"categories":[7,6,8],"tags":[30],"acf":[],"_links":{"self":[{"href":"https:\/\/www.rixo.cz\/blog\/wp-json\/wp\/v2\/posts\/3970"}],"collection":[{"href":"https:\/\/www.rixo.cz\/blog\/wp-json\/wp\/v2\/posts"}],"about":[{"href":"https:\/\/www.rixo.cz\/blog\/wp-json\/wp\/v2\/types\/post"}],"author":[{"embeddable":true,"href":"https:\/\/www.rixo.cz\/blog\/wp-json\/wp\/v2\/users\/11"}],"replies":[{"embeddable":true,"href":"https:\/\/www.rixo.cz\/blog\/wp-json\/wp\/v2\/comments?post=3970"}],"version-history":[{"count":4,"href":"https:\/\/www.rixo.cz\/blog\/wp-json\/wp\/v2\/posts\/3970\/revisions"}],"predecessor-version":[{"id":3980,"href":"https:\/\/www.rixo.cz\/blog\/wp-json\/wp\/v2\/posts\/3970\/revisions\/3980"}],"wp:featuredmedia":[{"embeddable":true,"href":"https:\/\/www.rixo.cz\/blog\/wp-json\/wp\/v2\/media\/3973"}],"wp:attachment":[{"href":"https:\/\/www.rixo.cz\/blog\/wp-json\/wp\/v2\/media?parent=3970"}],"wp:term":[{"taxonomy":"category","embeddable":true,"href":"https:\/\/www.rixo.cz\/blog\/wp-json\/wp\/v2\/categories?post=3970"},{"taxonomy":"post_tag","embeddable":true,"href":"https:\/\/www.rixo.cz\/blog\/wp-json\/wp\/v2\/tags?post=3970"}],"curies":[{"name":"wp","href":"https:\/\/api.w.org\/{rel}","templated":true}]}}