{"id":11,"name":"Martin \u017dd\u00edmal","url":"","description":"V poji\u0161\u0165ovnictv\u00ed se pohybuje od roku 2006 a to jak v \u010cR, tak i dal\u0161\u00edch zem\u00edch, kdy od roku 2013 zodpov\u00eddal za v\u00fdvoj a provoz IT syst\u00e9m\u016f pro poji\u0161\u0165ovny pod hlavi\u010dkou skupiny Generali PPF v r\u00e1mci regionu CEE. V RIXO.cz st\u00e1l u zrodu firmy a je z velk\u00e9 \u010d\u00e1sti autorem jej\u00ed filosofie \u2013 tedy bezplatn\u00e9ho srovn\u00e1v\u00e1n\u00ed pojistek klient\u016f a nab\u00eddky nejv\u00fdhodn\u011bj\u0161\u00ed alternativy z pohledu ceny i \u0161\u00ed\u0159e pojistn\u00e9ho kryt\u00ed. Od listopadu 2022 je gener\u00e1ln\u00edm \u0159editelem spole\u010dnosti.","link":"https:\/\/www.rixo.cz\/blog\/author\/martinzdimal\/","slug":"martinzdimal","avatar_urls":{"24":"https:\/\/secure.gravatar.com\/avatar\/8b5b9e41598f29f8e9b607226aab6a2f?s=24&d=mm&r=g","48":"https:\/\/secure.gravatar.com\/avatar\/8b5b9e41598f29f8e9b607226aab6a2f?s=48&d=mm&r=g","96":"https:\/\/secure.gravatar.com\/avatar\/8b5b9e41598f29f8e9b607226aab6a2f?s=96&d=mm&r=g"},"meta":[],"acf":[],"_links":{"self":[{"href":"https:\/\/www.rixo.cz\/blog\/wp-json\/wp\/v2\/users\/11"}],"collection":[{"href":"https:\/\/www.rixo.cz\/blog\/wp-json\/wp\/v2\/users"}]}}